{"id":12337,"date":"2014-06-23T00:00:00","date_gmt":"2014-06-23T00:00:00","guid":{"rendered":"https:\/\/terrasdomino.deputacionlugo.org\/?p=12337"},"modified":"2023-09-28T07:12:10","modified_gmt":"2023-09-28T07:12:10","slug":"arrinca-a-formacion-gratuita-do-ii-campus-de-emprendemento-sostible-no-centro-de-interpretacion-terras-do-mino","status":"publish","type":"post","link":"https:\/\/terrasdomino.deputacionlugo.org\/es\/arrinca-a-formacion-gratuita-do-ii-campus-de-emprendemento-sostible-no-centro-de-interpretacion-terras-do-mino\/","title":{"rendered":"Arrinca a formaci\u00f3n gratu\u00edta do II Campus de Emprendemento sostible no Centro de Interpretaci\u00f3n Terras do Mi\u00f1o"},"content":{"rendered":"<p>&#8211; O CITM acolle o primeiro dos seis seminarios programados no II Campus de emprendemento sostible, que leva por nome Campus de motivaci\u00f3n e xeraci\u00f3n de ideas<br \/>\n-As seguintes edici\u00f3ns deste seminario celebraranse entre os d\u00edas 7 e 10 de xullo en Cervantes e novamente no Centro de Interpretaci\u00f3n entre os d\u00edas 14 e 17 de xullo<br \/>\n&#8211; Os interesados en participar nestes obradoiros poderanse inscribir na web da Deputaci\u00f3n, www.deputacionlugo.org, ou ben chamando \u00f3 982 227 812<\/p>\n<p>Arrinca a formaci\u00f3n gratu\u00edta do II Campus de Emprendemento sostible no Centro de Interpretaci\u00f3n Terras do Mi\u00f1o<br \/>\nA Deputaci\u00f3n v\u00e9n de po\u00f1er en marcha o II Campus de Emprendemento Sostible, co seminario Campus de motivaci\u00f3n e xeraci\u00f3n de ideas, que arrincou hoxe no Centro de Interpretaci\u00f3n Terras do Mi\u00f1o e que continuar\u00e1 ata o vindeiro d\u00eda 26 de xu\u00f1o, entre as 10:00 e as 14:00 horas. O organismo provincial organiza estas acci\u00f3ns formativas de xeito gratu\u00edto para todas aquelas persoas que estean interesadas en emprender e po\u00f1er en marcha novos negocios nos 29 Concellos que integran as Reservas da Biosfera Terras do Mi\u00f1o e os Ancares lucenses, con especial atenci\u00f3n \u00f3 rural destes municipios.<\/p>\n<p>O seminario Campus de motivaci\u00f3n e xeraci\u00f3n de ideas est\u00e1 dirixido a aquelas persoas que estean a valorar a posibilidade de emprender. Nesta primeira fase, os participantes co\u00f1ecer\u00e1n a viabilidade dos seus proxectos e recibir\u00e1n asesoramento t\u00e9cnico, econ\u00f3mico, comercial ou medio ambiental para a s\u00faa posta en marcha. Explicaranse os principais elementos a ter en conta \u00e1 hora de crear unha empresa, as\u00ed como os instrumentos que contrib\u00faen a unha boa idea empresarial, como identificar as oportunidades de negocio.<\/p>\n<p>Estas acci\u00f3ns formativas gratu\u00edtas son unha mostra da aposta da Deputaci\u00f3n pola cultura emprendedora e a creaci\u00f3n de postos de traballo para combater o despoboamento demogr\u00e1fico.<\/p>\n<p>\u00daltimas prazas<br \/>\nO II Campus de Emprendemento Sostible desenvolverase tanto en Lugo como en Cervantes. Os interesados no curso que se celebrar\u00e1 no Concello de Cervantes, para os emprendedores da zona dos Ancares, entre o 7 e o 10 de xullo, en horario de 16:00 a 20:00 horas, ou os que desexen participar no que se levar\u00e1 a cabo no Centro de Interpretaci\u00f3n Terras do Mi\u00f1o, entre os d\u00edas 14 e 17 de xullo, de 16:00 a 20:00 horas, a\u00ednda poden facer a s\u00faa solicitude de inscrici\u00f3n a trav\u00e9s da web da Deputaci\u00f3n, www.deputacionlugo.com, ou chamando \u00f3 982 227 812.<\/p>\n","protected":false},"excerpt":{"rendered":"<p>&#8211; O CITM acolle o primeiro dos seis seminarios programados no II Campus de emprendemento sostible, que leva por nome Campus de motivaci\u00f3n e xeraci\u00f3n de ideas -As seguintes edici\u00f3ns deste seminario celebraranse entre os d\u00edas 7 e 10 de xullo en Cervantes e novamente no Centro de Interpretaci\u00f3n entre os d\u00edas 14 e 17 &#8230;<\/p>\n","protected":false},"author":2,"featured_media":10647,"comment_status":"closed","ping_status":"open","sticky":false,"template":"","format":"standard","meta":{"_eb_attr":"","footnotes":""},"categories":[114],"tags":[],"class_list":["post-12337","post","type-post","status-publish","format-standard","has-post-thumbnail","hentry","category-c-i-terras-do-mino-es"],"_links":{"self":[{"href":"https:\/\/terrasdomino.deputacionlugo.org\/es\/wp-json\/wp\/v2\/posts\/12337","targetHints":{"allow":["GET"]}}],"collection":[{"href":"https:\/\/terrasdomino.deputacionlugo.org\/es\/wp-json\/wp\/v2\/posts"}],"about":[{"href":"https:\/\/terrasdomino.deputacionlugo.org\/es\/wp-json\/wp\/v2\/types\/post"}],"author":[{"embeddable":true,"href":"https:\/\/terrasdomino.deputacionlugo.org\/es\/wp-json\/wp\/v2\/users\/2"}],"replies":[{"embeddable":true,"href":"https:\/\/terrasdomino.deputacionlugo.org\/es\/wp-json\/wp\/v2\/comments?post=12337"}],"version-history":[{"count":1,"href":"https:\/\/terrasdomino.deputacionlugo.org\/es\/wp-json\/wp\/v2\/posts\/12337\/revisions"}],"predecessor-version":[{"id":12338,"href":"https:\/\/terrasdomino.deputacionlugo.org\/es\/wp-json\/wp\/v2\/posts\/12337\/revisions\/12338"}],"wp:featuredmedia":[{"embeddable":true,"href":"https:\/\/terrasdomino.deputacionlugo.org\/es\/wp-json\/wp\/v2\/media\/10647"}],"wp:attachment":[{"href":"https:\/\/terrasdomino.deputacionlugo.org\/es\/wp-json\/wp\/v2\/media?parent=12337"}],"wp:term":[{"taxonomy":"category","embeddable":true,"href":"https:\/\/terrasdomino.deputacionlugo.org\/es\/wp-json\/wp\/v2\/categories?post=12337"},{"taxonomy":"post_tag","embeddable":true,"href":"https:\/\/terrasdomino.deputacionlugo.org\/es\/wp-json\/wp\/v2\/tags?post=12337"}],"curies":[{"name":"wp","href":"https:\/\/api.w.org\/{rel}","templated":true}]}}