{"id":12343,"date":"2014-07-09T00:00:00","date_gmt":"2014-07-09T00:00:00","guid":{"rendered":"https:\/\/terrasdomino.deputacionlugo.org\/?p=12343"},"modified":"2023-09-28T07:13:52","modified_gmt":"2023-09-28T07:13:52","slug":"arrancan-as-actividades-gratuitas-de-terras-do-mino-para-o-veran-coa-participacion-dunha-ducia-de-nenos","status":"publish","type":"post","link":"https:\/\/terrasdomino.deputacionlugo.org\/es\/arrancan-as-actividades-gratuitas-de-terras-do-mino-para-o-veran-coa-participacion-dunha-ducia-de-nenos\/","title":{"rendered":"Arrancan as actividades gratu\u00edtas de Terras do Mi\u00f1o para o ver\u00e1n, coa participaci\u00f3n dunha ducia de nenos"},"content":{"rendered":"<p>&#8211; Unha ducia de cativos participaron este m\u00e9rcores en Paseo polo r\u00edo Rato, a primeira das xornadas gratu\u00edtas da nova programaci\u00f3n do Centro de Interpretaci\u00f3n de Terras do Mi\u00f1o<\/p>\n<p>&#8211; Aberto o prazo de solicitude doutra ducia de actividades para persoas de todas as idades, cun total de 300 prazas gratis, en www.deputacionlugo.org e no 982-22-78-12<\/p>\n<p>Arrancan as actividades<br \/>\nA Deputaci\u00f3n puxo en marcha este m\u00e9rcores as actividades gratu\u00edtas do Centro de Interpretaci\u00f3n Terras do Mi\u00f1o para este ver\u00e1n. Esta programaci\u00f3n, financiada na s\u00faa totalidade polo organismo provincial, ofrece a cidad\u00e1ns de todas as idades unha alternativa l\u00fadica diferente, que educa no respecto polo medio ambiente e pon de manifesto a riqueza natural da provincia.<\/p>\n<p>Unha ducia nenos e nenas participaron hoxe na primeira destas xornadas: Paseo polo r\u00edo Rato. A actividade comezou \u00e1s 9:00 horas, coa proxecci\u00f3n de tres videos de caracter educativo para que os m\u00e1is picari\u00f1os comprendan a verdadeira riqueza medioambiental de Lugo e aprendan a ser respectuosos con ela. As proxecci\u00f3ns xiraron en torno \u00f3s r\u00edos, montes e \u00e1s reservas medioambientais. Logo, houbo varios xogos, que se celebraron no Centro de Interpretaci\u00f3n, no que os m\u00e1is pequenos continuaron aprendendo cal \u00e9 a importancia do medioambiente. \u00d3 remate, deu comezou o paseo polo r\u00edo Rato, onde os monitores foron indicando \u00f3s nenos cales son as pautas que se deben seguir e cales non.<\/p>\n<p>Actividades para 300 persoas<br \/>\nContin\u00faa aberto o prazo de solicitude en www.deputacionlugo.org ou no tel\u00e9fono 982-22-78-12 doutras ducia de actividades gratu\u00edtas, con prazas para 300 persoas. M\u00e1is informaci\u00f3n na web. Todas se celebrar\u00e1n no Centro de Interpretaci\u00f3n de Terras do Mi\u00f1o, capital luguesa, ag\u00e1s unha que ter\u00e1 lugar nas Insuas de R\u00e1bade. O calendario \u00e9 o seguinte:<\/p>\n<p>Xornadas para nenos de entre 5 e 12 anos. Con 20 prazas cada unha. Horario de 11:00 a 14:00 horas:<br \/>\n&#8211; 12 de xullo, O Noso refuxio<br \/>\n&#8211; 6 de setembro, Pegadas De Animais.<br \/>\n&#8211; 27 de setembro, Coci\u00f1a no Medio Natural.<\/p>\n<p>Xornadas para mozos e mozas:<br \/>\n&#8211; O 11 de xullo \u00e9 o d\u00eda do medo. O Centro de Interpretaci\u00f3n Terras do Mi\u00f1o acoller\u00e1 a actividade nocturna Noite do Terror, que se estender\u00e1 entre as 21:30 horas e as 23:30 horas.<\/p>\n<p>Xornadas para familias \u00f3 completo:<br \/>\n&#8211; 15 xu\u00f1o, Andaina nocturna: Alumando a Noite, na que poder\u00e1n participar 20 persoas como m\u00e1ximo e que se celebrar\u00e1 entre as 21:30 horas e as 23:30 horas.<br \/>\n&#8211; 19 e 20 de xullo, Taller de Relaxaci\u00f3n na Natureza. Dirixido a 40 persoas. Dende as 11:00 horas e ata as 14:00 horas.<br \/>\n&#8211; 12 de agosto, Andaina nocturna: seres mitol\u00f3xicos. Con 20 prazas. Ter\u00e1 lugar dende as 21:30 horas e ata as 23:30 horas.<br \/>\n&#8211; 11 de setembro, Andaina nocturna: as lendas da l\u00faa. Con outras 20 prazas. De 21:30 horas \u00e1s 23:30 horas.<br \/>\n&#8211; 21 de setembro, Identificaci\u00f3n de flora, dende as 11:00 horas e ata as 14:00 horas. 20 prazas.<br \/>\n&#8211; 13 e 14 de setembro, M\u00d3LLATE E COLLE3, actividade sen limite de prazas, celebrar\u00e1 no Caneiro da Tolda, nas \u00cdnsuas de R\u00e1bade. O horario da actividade comeza \u00e1s 11:00 horas e ata as 14:00 horas, e entre as 16:00 horas e as 19:00 horas.<\/p>\n<p>Tam\u00e9n haber\u00e1 conferencias:<\/p>\n<p>&#8211; O 12 setembro, o Centro de Interpretaci\u00f3n Terras do Mi\u00f1o acoller\u00e1 a conferencia Estudio De Contaminaci\u00f3n Mari\u00f1a, a cargo do Dr. Tony Butt. 40 prazas. A partires das 19:30 horas.<\/p>\n<p>&#8211; O 18 de setembro, ter\u00e1 lugar a ultima conferencia deste trimestre, denominada Fungos Term\u00f3filos, a cargo do Dr. Juli\u00e1n Alonso D\u00edaz. \u00c1s 19:30 horas no Centro de Interpretaci\u00f3n Terras do Mi\u00f1o, para un total de 40 persoas.<\/p>\n","protected":false},"excerpt":{"rendered":"<p>&#8211; Unha ducia de cativos participaron este m\u00e9rcores en Paseo polo r\u00edo Rato, a primeira das xornadas gratu\u00edtas da nova programaci\u00f3n do Centro de Interpretaci\u00f3n de Terras do Mi\u00f1o &#8211; Aberto o prazo de solicitude doutra ducia de actividades para persoas de todas as idades, cun total de 300 prazas gratis, en www.deputacionlugo.org e no &#8230;<\/p>\n","protected":false},"author":2,"featured_media":10659,"comment_status":"closed","ping_status":"open","sticky":false,"template":"","format":"standard","meta":{"_eb_attr":"","footnotes":""},"categories":[114],"tags":[],"class_list":["post-12343","post","type-post","status-publish","format-standard","has-post-thumbnail","hentry","category-c-i-terras-do-mino-es"],"_links":{"self":[{"href":"https:\/\/terrasdomino.deputacionlugo.org\/es\/wp-json\/wp\/v2\/posts\/12343","targetHints":{"allow":["GET"]}}],"collection":[{"href":"https:\/\/terrasdomino.deputacionlugo.org\/es\/wp-json\/wp\/v2\/posts"}],"about":[{"href":"https:\/\/terrasdomino.deputacionlugo.org\/es\/wp-json\/wp\/v2\/types\/post"}],"author":[{"embeddable":true,"href":"https:\/\/terrasdomino.deputacionlugo.org\/es\/wp-json\/wp\/v2\/users\/2"}],"replies":[{"embeddable":true,"href":"https:\/\/terrasdomino.deputacionlugo.org\/es\/wp-json\/wp\/v2\/comments?post=12343"}],"version-history":[{"count":1,"href":"https:\/\/terrasdomino.deputacionlugo.org\/es\/wp-json\/wp\/v2\/posts\/12343\/revisions"}],"predecessor-version":[{"id":12344,"href":"https:\/\/terrasdomino.deputacionlugo.org\/es\/wp-json\/wp\/v2\/posts\/12343\/revisions\/12344"}],"wp:featuredmedia":[{"embeddable":true,"href":"https:\/\/terrasdomino.deputacionlugo.org\/es\/wp-json\/wp\/v2\/media\/10659"}],"wp:attachment":[{"href":"https:\/\/terrasdomino.deputacionlugo.org\/es\/wp-json\/wp\/v2\/media?parent=12343"}],"wp:term":[{"taxonomy":"category","embeddable":true,"href":"https:\/\/terrasdomino.deputacionlugo.org\/es\/wp-json\/wp\/v2\/categories?post=12343"},{"taxonomy":"post_tag","embeddable":true,"href":"https:\/\/terrasdomino.deputacionlugo.org\/es\/wp-json\/wp\/v2\/tags?post=12343"}],"curies":[{"name":"wp","href":"https:\/\/api.w.org\/{rel}","templated":true}]}}