{"id":12374,"date":"2014-11-06T00:00:00","date_gmt":"2014-11-06T00:00:00","guid":{"rendered":"https:\/\/terrasdomino.deputacionlugo.org\/?p=12374"},"modified":"2023-09-28T07:22:55","modified_gmt":"2023-09-28T07:22:55","slug":"deputacion-e-academia-galega-de-ciencias-impulsan-o-proxecto-de-conservacion-da-natureza-rede-natura-2000","status":"publish","type":"post","link":"https:\/\/terrasdomino.deputacionlugo.org\/es\/deputacion-e-academia-galega-de-ciencias-impulsan-o-proxecto-de-conservacion-da-natureza-rede-natura-2000\/","title":{"rendered":"Deputaci\u00f3n e Academia Galega de Ciencias impulsan o proxecto de conservaci\u00f3n da natureza Rede Natura 2000"},"content":{"rendered":"<p>&#8211; Sonsoles L\u00f3pez Izquierdo e Antonio Rigueiro presentaron no Sal\u00f3n de Actos do Pazo de San Marcos a 25\u00ba edici\u00f3n do ciclo de conferencia Dr. Lu\u00eds Asorey Garc\u00eda.<\/p>\n<p>&#8211; As xornadas, compostas por un total de 7 conferencias, celebraranse entre os d\u00edas 17 e 20 e 24 e 26 de novembro no edificio provincial.<\/p>\n<p>&#8211; O prazo de inscrici\u00f3n est\u00e1 aberto e os interesados en participar deber\u00e1n cubrir o formulario que se atopa no rexistro xeral da entidade.<\/p>\n<p>A Deputada de Medio Ambiente e Enerx\u00edas Renovables, Sonsoles L\u00f3pez Izquierdo, e o catedr\u00e1tico da Universidade de Santiago de Compostela (USC) e Membro da Real Academia de Ciencias, Antonio Rigueiro, presentaron este xoves no Sal\u00f3n de Actos da Deputaci\u00f3n a 25\u00ba edici\u00f3n do ciclo de conferencias Dr. Lu\u00eds Asorey Garc\u00eda, que organiza a Academia coa colaboraci\u00f3n econ\u00f3mica de 4.000 euros do organismo provincial. Nesta ocasi\u00f3n, o tema central das 9 charlas e conferencias ser\u00e1 a Rede Natura 2000, o proxecto de conservaci\u00f3n da natureza de maior importancia a nivel mundial que persegue conservar as especies e h\u00e1bitats europeos que chegaron ata a actualidade.<\/p>\n<p>Sonsoles L\u00f3pez Izquierdo salientou que o organismo provincial colabora con esta iniciativa que se leva celebrando dende 1985 porque \u201caxuda a establecer a riqueza e variedade natural da provincia como un dos puntos xeradores de emprego e riqueza na provincia\u201d. A Deputada tam\u00e9n quixo destacar que \u201canalizamos as posibilidades econ\u00f3micas dos recursos naturais, xestion\u00e1ndoos de xeito responsable e coidando a flora e a fauna da provincia\u201d.<\/p>\n<p>Pola s\u00faa banda, Antonio Rigueiro, agradeceu a colaboraci\u00f3n da Deputaci\u00f3n e o compromiso que ten o organismo provincial coa Real Academia de Ciencias na organizaci\u00f3n deste ciclo de conferencias, que \u201caxudar\u00e1n a favorecer o desenvolver de xeito sostible do patrimonio natural do pa\u00eds\u201d<\/p>\n<p>O prazo de inscrici\u00f3n est\u00e1 aberto. Os interesados en participar no ciclo de conferencias Lu\u00eds Asorey que ter\u00e1 lugar no Sal\u00f3n de Actos da Deputaci\u00f3n, deber\u00e1n cubrir o formulario que se atopa no rexistro xeral da entidade e presentalo neste mesmo.<\/p>\n<p>Programaci\u00f3n gratu\u00edta<\/p>\n<p>O Ciclo Lu\u00eds Asorey est\u00e1 dedicado \u00e1 memoria deste prestixioso m\u00e9dico que desenvolveu a s\u00faa actividade profesional durante gran parte da s\u00faa vida en Lugo, pero tam\u00e9n se converteu en acad\u00e9mico, secretario e vicepresidente da Real Academia de Ciencias. As xornadas informativas, completamente gratu\u00edtas para os participantes, ter\u00e1n lugar entre o 17 e 20 e 24 e 26 de outubro no Sal\u00f3n de Actos da Deputaci\u00f3n, todas en horario de tarde.<\/p>\n<p>Dentro das conferencias programadas destacan, entre outras, Plan Director da Rede Natura en Galicia, a cargo da Directora Xeral de conservaci\u00f3n da Natureza da Conseller\u00eda de Medio Ambiente, Territorio e Infraestruturas, Ver\u00f3nica Tellado Barcia; Conservar implicando \u00e1 poboaci\u00f3n local: modelos e propostas desde Custodia do Territorio, a cargo do Vicepresidente da Asociaci\u00f3n Galega de Custodia do Territorio, Marti\u00f1o Cabana Otero; A visi\u00f3n das organizaci\u00f3ns ecol\u00f3xicas en relaci\u00f3n \u00e1 Rede Natura 2000, a cargo de Ex presidenta da Asociaci\u00f3n para a Defensa Ecol\u00f3xica de Galicia (ADEGA), Adela Figueroa Panisse; Valoraci\u00f3n do Estado de conservaci\u00f3n da Rede Natura 2000 en Galicia, a cargo do Profesor Titular do Departamento de Bot\u00e1nica da USC, Pablo Ramil Rego; ou Os soutos e os bosques de ribeira: h\u00e1bitats en perigo en Galicia, a cargo do Dr. Enxe\u00f1eiro en Montes, Catedr\u00e1tico do Departamento de Produci\u00f3n Vexetal da USC e Membro de N\u00famero da Real Academia Galega de Ciencias, Antonio Rigueiro Rodr\u00edguez.<\/p>\n","protected":false},"excerpt":{"rendered":"<p>&#8211; Sonsoles L\u00f3pez Izquierdo e Antonio Rigueiro presentaron no Sal\u00f3n de Actos do Pazo de San Marcos a 25\u00ba edici\u00f3n do ciclo de conferencia Dr. Lu\u00eds Asorey Garc\u00eda. &#8211; As xornadas, compostas por un total de 7 conferencias, celebraranse entre os d\u00edas 17 e 20 e 24 e 26 de novembro no edificio provincial. &#8211; &#8230;<\/p>\n","protected":false},"author":2,"featured_media":10700,"comment_status":"closed","ping_status":"open","sticky":false,"template":"","format":"standard","meta":{"_eb_attr":"","footnotes":""},"categories":[117],"tags":[],"class_list":["post-12374","post","type-post","status-publish","format-standard","has-post-thumbnail","hentry","category-diputacion-lugo"],"_links":{"self":[{"href":"https:\/\/terrasdomino.deputacionlugo.org\/es\/wp-json\/wp\/v2\/posts\/12374","targetHints":{"allow":["GET"]}}],"collection":[{"href":"https:\/\/terrasdomino.deputacionlugo.org\/es\/wp-json\/wp\/v2\/posts"}],"about":[{"href":"https:\/\/terrasdomino.deputacionlugo.org\/es\/wp-json\/wp\/v2\/types\/post"}],"author":[{"embeddable":true,"href":"https:\/\/terrasdomino.deputacionlugo.org\/es\/wp-json\/wp\/v2\/users\/2"}],"replies":[{"embeddable":true,"href":"https:\/\/terrasdomino.deputacionlugo.org\/es\/wp-json\/wp\/v2\/comments?post=12374"}],"version-history":[{"count":1,"href":"https:\/\/terrasdomino.deputacionlugo.org\/es\/wp-json\/wp\/v2\/posts\/12374\/revisions"}],"predecessor-version":[{"id":12376,"href":"https:\/\/terrasdomino.deputacionlugo.org\/es\/wp-json\/wp\/v2\/posts\/12374\/revisions\/12376"}],"wp:featuredmedia":[{"embeddable":true,"href":"https:\/\/terrasdomino.deputacionlugo.org\/es\/wp-json\/wp\/v2\/media\/10700"}],"wp:attachment":[{"href":"https:\/\/terrasdomino.deputacionlugo.org\/es\/wp-json\/wp\/v2\/media?parent=12374"}],"wp:term":[{"taxonomy":"category","embeddable":true,"href":"https:\/\/terrasdomino.deputacionlugo.org\/es\/wp-json\/wp\/v2\/categories?post=12374"},{"taxonomy":"post_tag","embeddable":true,"href":"https:\/\/terrasdomino.deputacionlugo.org\/es\/wp-json\/wp\/v2\/tags?post=12374"}],"curies":[{"name":"wp","href":"https:\/\/api.w.org\/{rel}","templated":true}]}}