{"id":12384,"date":"2014-12-01T00:00:00","date_gmt":"2014-12-01T00:00:00","guid":{"rendered":"https:\/\/terrasdomino.deputacionlugo.org\/?p=12384"},"modified":"2023-09-28T07:24:34","modified_gmt":"2023-09-28T07:24:34","slug":"a-deputacion-impulsa-o-estudo-da-natureza-e-a-custodia-do-territorio-das-insuas-do-mino-e-ollos-de-begonte","status":"publish","type":"post","link":"https:\/\/terrasdomino.deputacionlugo.org\/es\/a-deputacion-impulsa-o-estudo-da-natureza-e-a-custodia-do-territorio-das-insuas-do-mino-e-ollos-de-begonte\/","title":{"rendered":"A Deputaci\u00f3n impulsa o estudo da natureza e a custodia do territorio das Insuas do Mi\u00f1o e Ollos de Begonte"},"content":{"rendered":"<p>&#8211; A instituci\u00f3n provincial e a Asociaci\u00f3n Galega de Custodia do Territorio presentaron no Pazo de San Marcos as actividades l\u00fadico medioambientais previstas para o 2015.<\/p>\n<p>&#8211; Sonsoles L\u00f3pez salientou que \u201cimpulsamos a conservaci\u00f3n da flora e da fauna da provincia e promocionamos a investigaci\u00f3n cient\u00edfica deste espazo de grande importancia natural\u201d.<\/p>\n<p>&#8211; Inventariado de aves, limpeza e an\u00e1lise do terreo, construci\u00f3n de casas ni\u00f1o e visitas guiadas son s\u00f3 algunha das actividades gratu\u00edtas nas que poder\u00e1n participar os lucenses o vindeiro ano.<\/p>\n<p>A Deputada de Medio Ambiente e Enerx\u00edas Renovables, Sonsoles L\u00f3pez Izquierdo, e o Presidente da Asociaci\u00f3n Galega de Custodia do Territorio, Roberto Hermida Lorenzo, presentaron este m\u00e9rcores no Sal\u00f3n de Actos do Pazo de San Marcos a nova programaci\u00f3n de actividades organizadas para o vindeiro ano. Estas actividades l\u00fadico formativas gratu\u00edtas est\u00e1n pensadas para concienciar aos lucenses acerca da importancia da conservaci\u00f3n do medio como parte do patrimonio e factor de xeraci\u00f3n de riqueza para a provincia. En particular, esta nova programaci\u00f3n de actividades c\u00e9ntrase no impulso do estudo da natureza e a custodia do territorio comprendido nos espazos naturais das Insuas do Mi\u00f1o e Ollos de Begonte.<\/p>\n<p>L\u00f3pez Izquierdo salientou que a trav\u00e9s destas actividades \u201cimpulsamos a conservaci\u00f3n do noso patrimonio medioambiental ao tempo que promocionamos a investigaci\u00f3n cient\u00edfica nos espazos naturais da provincia\u201d. A Deputada destacou que a instituci\u00f3n provincial ten un compromiso firme co mediambiente, non s\u00f3 pola s\u00faa trascendencia como parte \u201cdo noso patrimonio, sen\u00f3n tam\u00e9n polo destacado papel que este pode execer como v\u00eda de futuro para xerar riqueza e fixar poboaci\u00f3n na provincia\u201d. Do mesmo xeito, Sonsoles L\u00f3pez Izquierdo subli\u00f1ou que durante o 2014 \u201cm\u00e1is de 1.000 persoas tomaron parte nas case 50 actividades medioambientais gratu\u00edtas, o que \u00e9 boa mostra do interese que xeran este tipo de iniciativas entre os lucenses\u201d.<\/p>\n<p>Pola s\u00faa banda, o Presidente da Asociaci\u00f3n Galega de Custodia do Territorio agradeceu a colaboraci\u00f3n do organismo provincial e valorou moi positivamente a \u201csensibilidade da instituci\u00f3n coas actividades de promoci\u00f3n, estudo e conservaci\u00f3n do entorno medioambiental de Lugo\u201d, xa que axudan a difundir a riqueza da provincia e formar aos lucenses no respecto e coidado do medio ambiente.<\/p>\n<p>Tres obxectivos<br \/>\nCon este tipo de iniciativas postas en marcha dende a \u00c1rea de Medio Ambiente, a Deputaci\u00f3n aposta pola conservaci\u00f3n dos valores naturais da zona, neste caso concreto das especies da flora e fauna propias das Insuas do Mi\u00f1o e Ollos de Begonte, a trav\u00e9s de actividades de limpeza. Ao tempo, promociona o uso p\u00fablico dos recursos naturais da provincia con actividades medioambientais como a observaci\u00f3n de aves, a construci\u00f3n de caixas ni\u00f1o e visitas guiadas para dar a co\u00f1ecer m\u00e1is polo mi\u00fado as caracter\u00edsticas deste medio natural. Por \u00faltimo, estas actividades contrib\u00faen \u00e1 promoci\u00f3n da investigaci\u00f3n cient\u00edfica, grazas \u00e1 implicaci\u00f3n do mundo universitario, as\u00ed como a investigadores profesionais.<\/p>\n<p>As actividades da \u00c1rea de Medio Ambiente que se celebrar\u00e1n durante o vindeiro ano ser\u00e1n, como sempre, totalmente gratu\u00edtas. Os interesados en participar poder\u00e1n atopar informaci\u00f3n completa sobre o contido de cada unha delas, datas e horarios na web www.deputacionlugo.gal , a medida que estas se vaian confirmando.<\/p>\n","protected":false},"excerpt":{"rendered":"<p>&#8211; A instituci\u00f3n provincial e a Asociaci\u00f3n Galega de Custodia do Territorio presentaron no Pazo de San Marcos as actividades l\u00fadico medioambientais previstas para o 2015. &#8211; Sonsoles L\u00f3pez salientou que \u201cimpulsamos a conservaci\u00f3n da flora e da fauna da provincia e promocionamos a investigaci\u00f3n cient\u00edfica deste espazo de grande importancia natural\u201d. &#8211; Inventariado de &#8230;<\/p>\n","protected":false},"author":2,"featured_media":10704,"comment_status":"closed","ping_status":"open","sticky":false,"template":"","format":"standard","meta":{"_eb_attr":"","footnotes":""},"categories":[117],"tags":[],"class_list":["post-12384","post","type-post","status-publish","format-standard","has-post-thumbnail","hentry","category-diputacion-lugo"],"_links":{"self":[{"href":"https:\/\/terrasdomino.deputacionlugo.org\/es\/wp-json\/wp\/v2\/posts\/12384","targetHints":{"allow":["GET"]}}],"collection":[{"href":"https:\/\/terrasdomino.deputacionlugo.org\/es\/wp-json\/wp\/v2\/posts"}],"about":[{"href":"https:\/\/terrasdomino.deputacionlugo.org\/es\/wp-json\/wp\/v2\/types\/post"}],"author":[{"embeddable":true,"href":"https:\/\/terrasdomino.deputacionlugo.org\/es\/wp-json\/wp\/v2\/users\/2"}],"replies":[{"embeddable":true,"href":"https:\/\/terrasdomino.deputacionlugo.org\/es\/wp-json\/wp\/v2\/comments?post=12384"}],"version-history":[{"count":2,"href":"https:\/\/terrasdomino.deputacionlugo.org\/es\/wp-json\/wp\/v2\/posts\/12384\/revisions"}],"predecessor-version":[{"id":12386,"href":"https:\/\/terrasdomino.deputacionlugo.org\/es\/wp-json\/wp\/v2\/posts\/12384\/revisions\/12386"}],"wp:featuredmedia":[{"embeddable":true,"href":"https:\/\/terrasdomino.deputacionlugo.org\/es\/wp-json\/wp\/v2\/media\/10704"}],"wp:attachment":[{"href":"https:\/\/terrasdomino.deputacionlugo.org\/es\/wp-json\/wp\/v2\/media?parent=12384"}],"wp:term":[{"taxonomy":"category","embeddable":true,"href":"https:\/\/terrasdomino.deputacionlugo.org\/es\/wp-json\/wp\/v2\/categories?post=12384"},{"taxonomy":"post_tag","embeddable":true,"href":"https:\/\/terrasdomino.deputacionlugo.org\/es\/wp-json\/wp\/v2\/tags?post=12384"}],"curies":[{"name":"wp","href":"https:\/\/api.w.org\/{rel}","templated":true}]}}