{"id":12414,"date":"2015-02-03T00:00:00","date_gmt":"2015-02-03T00:00:00","guid":{"rendered":"https:\/\/terrasdomino.deputacionlugo.org\/?p=12414"},"modified":"2023-09-28T07:32:49","modified_gmt":"2023-09-28T07:32:49","slug":"a-deputacion-impulsa-a-creacion-de-10-empresas-co-campus-de-emprendemento-sostible","status":"publish","type":"post","link":"https:\/\/terrasdomino.deputacionlugo.org\/es\/a-deputacion-impulsa-a-creacion-de-10-empresas-co-campus-de-emprendemento-sostible\/","title":{"rendered":"A Deputaci\u00f3n impulsa a creaci\u00f3n de 10 empresas co Campus de Emprendemento Sostible"},"content":{"rendered":"<p>&#8211; 50 persoas recibiron o diploma que avala a participaci\u00f3n neste programa dirixido a crear ou remodelar empresas no rural da provincia, fomentando as\u00ed a creaci\u00f3n de postos de traballo.<br \/>\n&#8211; Sonsoles L\u00f3pez destacou que \u201ca provincia de Lugo ten unha potencialidade a nivel medioambiental e de recursos humanos que non debemos desaproveitar\u201d.<br \/>\n-A trav\u00e9s do Campus de Emprendemento, que serviu de centro de reuni\u00f3n de emprendedores lucenses, ofreceuse formaci\u00f3n a m\u00e1is de 120 veci\u00f1as e veci\u00f1os.<\/p>\n<p>O Presidente da Deputaci\u00f3n, Jos\u00e9 Ram\u00f3n G\u00f3mez Besteiro, acompa\u00f1ado da Vicepresidenta Segunda, Lara M\u00e9ndez, e a Deputada de Medio Ambiente e Enerx\u00edas Renovables, Sonsoles L\u00f3pez Izquierdo, fixo entregou este martes no Sal\u00f3n de Actos do Pazo de San Marcos m\u00e1is de 50 diplomas do I e II Campus de Emprendemento Sostible, programa da instituci\u00f3n provincial co que se crea emprego no rural e se combate o despoboamento demogr\u00e1fico, apostando pola cultura emprendedora dos lucenses como sa\u00edda laboral. Neste curso participaron tam\u00e9n persoas con dificultades de audici\u00f3n e linguaxe, que tiveron durante a celebraci\u00f3n dos cursos, as\u00ed como no propio acto, unha int\u00e9rprete de lingua de signos.<\/p>\n<p>A Deputada de Medio Ambiente e Enerx\u00edas Renovables afirmou que \u201ca provincia de Lugo ten unha potencialidade a nivel medioambiental e de recursos humanos que non debemos desaproveitar\u201d. L\u00f3pez Izquierdo lembrou que a trav\u00e9s deste tipo de iniciativas \u201cxa se crearon 10 empresas, todas elas relacionadas coa agricultura ecol\u00f3xica, gander\u00eda ecol\u00f3xica, consultor\u00eda de obra civil, horticultura ecol\u00f3xica, educaci\u00f3n ambiental, explotaci\u00f3n ecol\u00f3xica, turismo rural e produci\u00f3n artesanal, pero sabemos que a\u00ednda se van crear m\u00e1is\u201d, informou.<\/p>\n<p>A Vicepresidenta destacou que \u201cestes programas axudan a crear emprego baseado nas practicas responsables co medio ambiente e axudan a crear oportunidades econ\u00f3micas a trav\u00e9s dos recursos naturais da provincia\u201d.<\/p>\n<p>Emprendemento na provincia<\/p>\n<p>O Campus de emprendemento sostible consistiu nunha serie de acci\u00f3ns formativas gratu\u00edtas encami\u00f1adas a co\u00f1ecer a viabilidade dos modelos de negocio dos lucenses. Estas acci\u00f3ns distribu\u00edronse en dous grupos; por unha banda, o campus de motivaci\u00f3n e e xeraci\u00f3n de ideas, na que os participantes recibiron asesoramento e por outro; o campus de maduraci\u00f3n empresarial, dirixido a persoas que xa ti\u00f1an o seu modelo de negocio m\u00e1is avanzado.<\/p>\n","protected":false},"excerpt":{"rendered":"<p>&#8211; 50 persoas recibiron o diploma que avala a participaci\u00f3n neste programa dirixido a crear ou remodelar empresas no rural da provincia, fomentando as\u00ed a creaci\u00f3n de postos de traballo. &#8211; Sonsoles L\u00f3pez destacou que \u201ca provincia de Lugo ten unha potencialidade a nivel medioambiental e de recursos humanos que non debemos desaproveitar\u201d. -A trav\u00e9s &#8230;<\/p>\n","protected":false},"author":2,"featured_media":10782,"comment_status":"closed","ping_status":"open","sticky":false,"template":"","format":"standard","meta":{"_eb_attr":"","footnotes":""},"categories":[117],"tags":[],"class_list":["post-12414","post","type-post","status-publish","format-standard","has-post-thumbnail","hentry","category-diputacion-lugo"],"_links":{"self":[{"href":"https:\/\/terrasdomino.deputacionlugo.org\/es\/wp-json\/wp\/v2\/posts\/12414","targetHints":{"allow":["GET"]}}],"collection":[{"href":"https:\/\/terrasdomino.deputacionlugo.org\/es\/wp-json\/wp\/v2\/posts"}],"about":[{"href":"https:\/\/terrasdomino.deputacionlugo.org\/es\/wp-json\/wp\/v2\/types\/post"}],"author":[{"embeddable":true,"href":"https:\/\/terrasdomino.deputacionlugo.org\/es\/wp-json\/wp\/v2\/users\/2"}],"replies":[{"embeddable":true,"href":"https:\/\/terrasdomino.deputacionlugo.org\/es\/wp-json\/wp\/v2\/comments?post=12414"}],"version-history":[{"count":2,"href":"https:\/\/terrasdomino.deputacionlugo.org\/es\/wp-json\/wp\/v2\/posts\/12414\/revisions"}],"predecessor-version":[{"id":12416,"href":"https:\/\/terrasdomino.deputacionlugo.org\/es\/wp-json\/wp\/v2\/posts\/12414\/revisions\/12416"}],"wp:featuredmedia":[{"embeddable":true,"href":"https:\/\/terrasdomino.deputacionlugo.org\/es\/wp-json\/wp\/v2\/media\/10782"}],"wp:attachment":[{"href":"https:\/\/terrasdomino.deputacionlugo.org\/es\/wp-json\/wp\/v2\/media?parent=12414"}],"wp:term":[{"taxonomy":"category","embeddable":true,"href":"https:\/\/terrasdomino.deputacionlugo.org\/es\/wp-json\/wp\/v2\/categories?post=12414"},{"taxonomy":"post_tag","embeddable":true,"href":"https:\/\/terrasdomino.deputacionlugo.org\/es\/wp-json\/wp\/v2\/tags?post=12414"}],"curies":[{"name":"wp","href":"https:\/\/api.w.org\/{rel}","templated":true}]}}