{"id":12464,"date":"2015-04-07T00:00:00","date_gmt":"2015-04-07T00:00:00","guid":{"rendered":"https:\/\/terrasdomino.deputacionlugo.org\/?p=12464"},"modified":"2023-09-28T07:42:39","modified_gmt":"2023-09-28T07:42:39","slug":"preto-de-500-prazas-gratuitas-para-participar-nas-actividades-do-ii-trimestre-de-terras-do-mino","status":"publish","type":"post","link":"https:\/\/terrasdomino.deputacionlugo.org\/es\/preto-de-500-prazas-gratuitas-para-participar-nas-actividades-do-ii-trimestre-de-terras-do-mino\/","title":{"rendered":"Preto de 500 prazas gratu\u00edtas para participar nas actividades do II Trimestre de Terras do Mi\u00f1o"},"content":{"rendered":"<p>&#8211; Cursos de rastreo, obradoiro de cervexa artes\u00e1, ou elaboraci\u00f3n de conservas artesanais son soamente algunhas das propostas medioambientais organizadas ata o mes de xu\u00f1o.<\/p>\n<p>&#8211; As actividades, todas gratu\u00edtas e de car\u00e1cter l\u00fadico, est\u00e1n dese\u00f1adas en funci\u00f3n das idades dos participantes, habendo propostas para nenos, mozos e familias.<\/p>\n<p>&#8211; Os interesados poden inscribirse xa na web www.deputacionlugo.com, onde atopar\u00e1n informaci\u00f3n detallada sobre o contido, horarios e p\u00fablico de cada actividade.<\/p>\n<p>A Deputada de Enerx\u00edas Renovables e Medio Ambiente, Sonsoles L\u00f3pez Izquierdo, presentou este martes no Sal\u00f3n de Actos do Pazo de San Marcos a programaci\u00f3n de actividades medioambientais do segundo trimestre do Centro de Interpretaci\u00f3n Terras do Mi\u00f1o, na que poder\u00e1n participar, de xeito gratu\u00edto, preto de 500 persoas de todas as idades.<\/p>\n<p>Sonsoles L\u00f3pez destacou que \u201ca trav\u00e9s desta programaci\u00f3n, fomentamos o estudo da riqueza natural e patrimonial da nosa provincia, ao tempo que impulsamos as pr\u00e1cticas responsables co medio ambiente\u201d. A Deputada lembrou que \u201cofrecemos esta nova programaci\u00f3n debido ao interese que espertan este tipo de iniciativas pois, no 2014, participaron nelas m\u00e1is de 1500 persoas de todas as idades\u201d.<\/p>\n<p>L\u00f3pez afirmou tam\u00e9n que esta iniciativa ofr\u00e9celle aos cidad\u00e1ns \u201cunha alternativa l\u00fadica e formativa a custe cero\u201d, avanzando que a Deputaci\u00f3n seguir\u00e1 incentivando proxectos como este, que, \u201cademais de servirlle \u00f3s veci\u00f1os como alternativa de ocio, pon de manifesto a riqueza medioambiental da nosa provincia\u201d.<\/p>\n<p>O Centro de Interpretaci\u00f3n Terras do Mi\u00f1o da Deputaci\u00f3n comezar\u00e1 o vindeiro domingo 12 de abril as actividades l\u00fadicas e medioambientais dese\u00f1adas para o 2\u00ba trimestre deste ano, nas que poder\u00e1n participar preto de 500 persoas de xeito totalmente gratu\u00edto. A programaci\u00f3n, que se desenvolver\u00e1 entre os d\u00edas 12 de abril e 28 de xu\u00f1o, est\u00e1 dividida en cinco grupos: conferencias, actividades para familias, actividades para nenos e nenas, para adultos e, finalmente, roteiros.<\/p>\n<p>Programaci\u00f3n de actividades<\/p>\n<p>O calendario das actividades programadas son:<\/p>\n<p>Conferencias:<\/p>\n<p>-O d\u00eda 14 de maio ter\u00e1 lugar a conferencia sobre o Estudo etnomedicinal da Serra do Caurel: Sabedor\u00eda e tradici\u00f3n, impartida pola Dra. Mar\u00eda Moure, para un n\u00famero m\u00e1ximo de 40 participantes e que se celebrar\u00e1 no Centro de Interpretaci\u00f3n Terras do Mi\u00f1o \u00e1s 19:30 horas.<\/p>\n<p>-O d\u00eda 18 e xu\u00f1o haber\u00e1 outra conferencia: Biom\u00edmesis: innovaci\u00f3n inspirada na natureza, nas mans de Marta Rois, contando cun total de 40 prazas \u00e1s 19:30 horas. O lugar no que se celebrar\u00e1 \u00e9 o Centro de Interpretaci\u00f3n.<\/p>\n<p>Para as familias:<\/p>\n<p>-O 24 e 25 de abril est\u00e1 prevista a actividade Obradoiro de micolox\u00eda medio ambiente, dirixida a un total de 40 participantes e que se celebrar\u00e1 no Centro de Interpretaci\u00f3n Terras do Mi\u00f1o. O venres ter\u00e1 lugar a conferencia do Dr. Juli\u00e1n Alonso D\u00edaz \u00e1s 19:30 horas e o s\u00e1bado organizarase unha sa\u00edda \u00f3 campo para unha recollida simb\u00f3lica de lixo de 10:00 a 14:00 horas.<\/p>\n<p>-O 23 e 24 de maio est\u00e1 programada a actividade Curso de rastreo, para un m\u00e1ximo de 20 participantes, de 10:00 a 14:00 e de 16:00 a 19:00 horas, no Centro de Interpretaci\u00f3n Terras do Mi\u00f1o.<\/p>\n<p>-O 27 e 28 de xu\u00f1o o Cento de Interpretaci\u00f3n acoller\u00e1 Actividades de relaxaci\u00f3n e contacto coa natureza, destinadas a un total de 40 adultos e 16 nenos ou nenas entre as 11:00 e as 14:00 horas.<br \/>\nPara os m\u00e1is pequenos:<\/p>\n<p>-O 23 e 24 de xu\u00f1o ter\u00e1 lugar a actividade Biosferas e biosferos, para 25 participantes de entre 8 e 12 anos no Centro de Interpretaci\u00f3n Terras do Mi\u00f1o.<\/p>\n<p>-O d\u00eda 25 de xu\u00f1o comeza a actividade \u201cDivertirse e imaxinar coa natureza\u201d, no C.I. Terras do Mi\u00f1o de 10:30 a 12:30 horas para un m\u00e1ximo de 15 participantes de 6 a 10 anos.<\/p>\n<p>Para adultos:<\/p>\n<p>-O d\u00eda 18 de abril est\u00e1 programada a actividade \u201cCurso de iniciaci\u00f3n ao enxerto\u201d no Centro de Interpretaci\u00f3n para un total de 15 participantes de 10:00 14:00 horas.<\/p>\n<p>-O 16 de maio ter\u00e1 lugar no Centro de Interpretaci\u00f3n Terras do Mi\u00f1o a actividade \u201cElaboraci\u00f3n de conservas artesanais\u201d para 20 persoas de 11:00 a 14:00 horas pola ma\u00f1\u00e1 e de 16:00 a 19:00 horas pola tarde.<\/p>\n<p>-Por \u00faltimo para o mes de maio, o d\u00eda 30 dar\u00e1 comezo a \u201cElaboraci\u00f3n de licores\u201d no C.I. Terras do Mi\u00f1o. Esta actividade est\u00e1 dirixida a 20 persoas como m\u00e1ximo de 9:00 a 14:00 horas.<\/p>\n<p>-Os d\u00edas 6 e 13 de xu\u00f1o ter\u00e1 lugar o \u201cObradoiro de cervexa artes\u00e1 e defectos da cervexa\u201d para un total de 30 participantes no Centro de Interpretaci\u00f3n. O horario para o d\u00eda 6 ser\u00e1 de 10:00 a 14:00 e de 15:00 a 18:00. O 13 de xu\u00f1o ser\u00e1 de 12:00 a 14:00 e de 16:00 a 19:00.<\/p>\n<p>Roteiros:<\/p>\n<p>-O 12 de abril dar\u00e1 comezo o Roteiro polo Xistral, \u00e1s 9:00 horas para un m\u00e1ximo de 50 participantes.<\/p>\n<p>&#8211; O d\u00eda 10 de maio o Roteiro pola Ulloa, sair\u00e1 \u00e1s 9:00 horas. Esta actividade acolle a 50 persoas en total.<\/p>\n<p>-Finalmente, o 28 de xu\u00f1o o \u201cRoteiro polo Vicedo\u201d dar\u00e1 comezo \u00e1s 9:00 horas para un total de 50 participantes.<\/p>\n","protected":false},"excerpt":{"rendered":"<p>&#8211; Cursos de rastreo, obradoiro de cervexa artes\u00e1, ou elaboraci\u00f3n de conservas artesanais son soamente algunhas das propostas medioambientais organizadas ata o mes de xu\u00f1o. &#8211; As actividades, todas gratu\u00edtas e de car\u00e1cter l\u00fadico, est\u00e1n dese\u00f1adas en funci\u00f3n das idades dos participantes, habendo propostas para nenos, mozos e familias. &#8211; Os interesados poden inscribirse xa &#8230;<\/p>\n","protected":false},"author":2,"featured_media":10790,"comment_status":"closed","ping_status":"open","sticky":false,"template":"","format":"standard","meta":{"_eb_attr":"","footnotes":""},"categories":[117],"tags":[],"class_list":["post-12464","post","type-post","status-publish","format-standard","has-post-thumbnail","hentry","category-diputacion-lugo"],"_links":{"self":[{"href":"https:\/\/terrasdomino.deputacionlugo.org\/es\/wp-json\/wp\/v2\/posts\/12464","targetHints":{"allow":["GET"]}}],"collection":[{"href":"https:\/\/terrasdomino.deputacionlugo.org\/es\/wp-json\/wp\/v2\/posts"}],"about":[{"href":"https:\/\/terrasdomino.deputacionlugo.org\/es\/wp-json\/wp\/v2\/types\/post"}],"author":[{"embeddable":true,"href":"https:\/\/terrasdomino.deputacionlugo.org\/es\/wp-json\/wp\/v2\/users\/2"}],"replies":[{"embeddable":true,"href":"https:\/\/terrasdomino.deputacionlugo.org\/es\/wp-json\/wp\/v2\/comments?post=12464"}],"version-history":[{"count":1,"href":"https:\/\/terrasdomino.deputacionlugo.org\/es\/wp-json\/wp\/v2\/posts\/12464\/revisions"}],"predecessor-version":[{"id":12465,"href":"https:\/\/terrasdomino.deputacionlugo.org\/es\/wp-json\/wp\/v2\/posts\/12464\/revisions\/12465"}],"wp:featuredmedia":[{"embeddable":true,"href":"https:\/\/terrasdomino.deputacionlugo.org\/es\/wp-json\/wp\/v2\/media\/10790"}],"wp:attachment":[{"href":"https:\/\/terrasdomino.deputacionlugo.org\/es\/wp-json\/wp\/v2\/media?parent=12464"}],"wp:term":[{"taxonomy":"category","embeddable":true,"href":"https:\/\/terrasdomino.deputacionlugo.org\/es\/wp-json\/wp\/v2\/categories?post=12464"},{"taxonomy":"post_tag","embeddable":true,"href":"https:\/\/terrasdomino.deputacionlugo.org\/es\/wp-json\/wp\/v2\/tags?post=12464"}],"curies":[{"name":"wp","href":"https:\/\/api.w.org\/{rel}","templated":true}]}}