{"id":12470,"date":"2015-07-21T00:00:00","date_gmt":"2015-07-21T00:00:00","guid":{"rendered":"https:\/\/terrasdomino.deputacionlugo.org\/?p=12470"},"modified":"2023-09-28T07:44:16","modified_gmt":"2023-09-28T07:44:16","slug":"a-deputacion-de-lugo-pon-en-valor-os-produtos-da-horta-e-eloxia-iniciativas-dirixidas-a-sua-potenciacion","status":"publish","type":"post","link":"https:\/\/terrasdomino.deputacionlugo.org\/es\/a-deputacion-de-lugo-pon-en-valor-os-produtos-da-horta-e-eloxia-iniciativas-dirixidas-a-sua-potenciacion\/","title":{"rendered":"A Deputaci\u00f3n de Lugo pon en valor os produtos da horta e eloxia iniciativas dirixidas a s\u00faa potenciaci\u00f3n"},"content":{"rendered":"<p>A presidenta de Deputaci\u00f3n de Lugo, Elena Candia, asistiu esta ma\u00f1\u00e1 \u00e1 presentaci\u00f3n do programa do Mercado das Carmi\u00f1as e da Festa da Ensalada, que se celebrar\u00e1n o s\u00e1bado 25 de xullo en Mondo\u00f1edo<\/p>\n<p>Elena Candia amosou o compromiso e colaboraci\u00f3n da administraci\u00f3n de Lugo co sector primario e anunciou unha forte aposta polo \u201ccampo e pola necesaria explotaci\u00f3n destes recursos, como son os produtos que se exaltan neste mercado tradicional\u201d.<\/p>\n<p>Venres, 17 de xullo de 2015.- A presidenta da Deputaci\u00f3n de Lugo, Elena Candia, puxo en valor os produtos da horta e eloxiou as iniciativas dirixidas \u00e1 s\u00faa potenciaci\u00f3n. Fixo estas declaraci\u00f3ns no marco da presentaci\u00f3n do programa do Mercado das Carmi\u00f1as 2015, que incl\u00fae a celebraci\u00f3n da Festa da Ensalada, e que se celebrar\u00e1 o 25 de xullo en Mondo\u00f1edo.<\/p>\n<p>A presidenta da instituci\u00f3n lucense asegurou que a Deputaci\u00f3n de Lugo manter\u00e1 un forte compromiso de colaboraci\u00f3n e de implicaci\u00f3n co sector primario e, neste senso, anunciou que far\u00e1 unha aposta polos \u201cprodutos do campo e pola necesaria potenciaci\u00f3n destes recursos\u201d. Nestes senso, a dirixente popular resaltou a importancia e a calidade da horta en Mondo\u00f1edo e, cuxos produtos, se exaltan neste mercado tradicional.<\/p>\n<p>O Mercado das Carmi\u00f1as \u00e9 unha iniciativa da Asociaci\u00f3n de Comerciantes e Industriais de Mondo\u00f1edo (ACIAM), e que naceu co obxectivo de recrear os mercados de antes, \u201cque merec\u00edan a pena\u201d, -explica Candia-, e aos que acud\u00edan os veci\u00f1os de xeito continuado e masivo. \u201cMondo\u00f1edo recordando o seu pasado, pero facendo valer o seu presente que est\u00e1 vivo e m\u00e1is vivo que nunca, recupera estes mercados tradicionais\u201d.<\/p>\n<p>Dende a organizaci\u00f3n desta iniciativa explican que o Mercado das Carmi\u00f1as d\u00e9belle o seu nome \u00e1 muller prototipo da aldea \u201ccari\u00f1osa, entra\u00f1able e sempre voluntaria que baixaba coas s\u00faas irm\u00e1ns ver os mercados de Mondo\u00f1edo\u201d.<\/p>\n<p>Programa<br \/>\nO Mercado das Carmi\u00f1as inaugurase o s\u00e1bado 25 de xullo, \u00e1s 11:00 horas na Praza da Catedral; mentres que as 12:00 horas comeza na Praza do Concello a Festa da Ensalada, durante a que se celebrar\u00e1 unha degustaci\u00f3n de ensaladas con produtos t\u00edpicos da horta mindoniense nos locais de hostaler\u00eda da localidade e na Praza do Concello. A maiores, ter\u00e1 lugar un concurso con premios para as tres mellores ensaladas.<\/p>\n<p>\u00c1s 14:00 horas, haber\u00e1 sesi\u00f3n verm\u00fa na Praza do Concello amenizada por Joe Carey, e \u00e1s 15:00 horas ser\u00e1 o remate do Concurso de Ensaladas. As\u00ed, dende a organizaci\u00f3n explican que para poder desfrutar da degustaci\u00f3n de ensaladas na Praza do Concello, no stand da ACIAM venderanse os pratos para dito evento.<\/p>\n<p>Xa pola tarde, \u00e1s 19:00 horas, para os m\u00e1is pequenos da casa, ter\u00e1 lugar a actuaci\u00f3n de Mircromina Titeres na Praza da Catedral. \u00c1s 21.00 horas, celebrase a clausura do Mercados das Carmi\u00f1as 2015, e \u00e1s 22:00 horas procederase a entrega de premios do Concurso de Ensaladas.<\/p>\n<p>Por \u00faltimo, \u00e1s 22:30 horas, ter\u00e1 lugar a Gran Queimada Popular na Praza da Catedral (durante toda a xornada no stand da ACIAM tam\u00e9n estar\u00e1n \u00e1 venda as tazas para a degustaci\u00f3n da queimada).<\/p>\n<p>No acto de presentaci\u00f3n ademais de Elena Candia interviu o presidente da ACIAM de Mondo\u00f1edo, \u00c1ngel Jos\u00e9 Marful, e estiveron tam\u00e9n presentes o seu vicepresidente e secretario.<\/p>\n","protected":false},"excerpt":{"rendered":"<p>A presidenta de Deputaci\u00f3n de Lugo, Elena Candia, asistiu esta ma\u00f1\u00e1 \u00e1 presentaci\u00f3n do programa do Mercado das Carmi\u00f1as e da Festa da Ensalada, que se celebrar\u00e1n o s\u00e1bado 25 de xullo en Mondo\u00f1edo Elena Candia amosou o compromiso e colaboraci\u00f3n da administraci\u00f3n de Lugo co sector primario e anunciou unha forte aposta polo \u201ccampo &#8230;<\/p>\n","protected":false},"author":2,"featured_media":10804,"comment_status":"closed","ping_status":"open","sticky":false,"template":"","format":"standard","meta":{"_eb_attr":"","footnotes":""},"categories":[117],"tags":[],"class_list":["post-12470","post","type-post","status-publish","format-standard","has-post-thumbnail","hentry","category-diputacion-lugo"],"_links":{"self":[{"href":"https:\/\/terrasdomino.deputacionlugo.org\/es\/wp-json\/wp\/v2\/posts\/12470","targetHints":{"allow":["GET"]}}],"collection":[{"href":"https:\/\/terrasdomino.deputacionlugo.org\/es\/wp-json\/wp\/v2\/posts"}],"about":[{"href":"https:\/\/terrasdomino.deputacionlugo.org\/es\/wp-json\/wp\/v2\/types\/post"}],"author":[{"embeddable":true,"href":"https:\/\/terrasdomino.deputacionlugo.org\/es\/wp-json\/wp\/v2\/users\/2"}],"replies":[{"embeddable":true,"href":"https:\/\/terrasdomino.deputacionlugo.org\/es\/wp-json\/wp\/v2\/comments?post=12470"}],"version-history":[{"count":1,"href":"https:\/\/terrasdomino.deputacionlugo.org\/es\/wp-json\/wp\/v2\/posts\/12470\/revisions"}],"predecessor-version":[{"id":12471,"href":"https:\/\/terrasdomino.deputacionlugo.org\/es\/wp-json\/wp\/v2\/posts\/12470\/revisions\/12471"}],"wp:featuredmedia":[{"embeddable":true,"href":"https:\/\/terrasdomino.deputacionlugo.org\/es\/wp-json\/wp\/v2\/media\/10804"}],"wp:attachment":[{"href":"https:\/\/terrasdomino.deputacionlugo.org\/es\/wp-json\/wp\/v2\/media?parent=12470"}],"wp:term":[{"taxonomy":"category","embeddable":true,"href":"https:\/\/terrasdomino.deputacionlugo.org\/es\/wp-json\/wp\/v2\/categories?post=12470"},{"taxonomy":"post_tag","embeddable":true,"href":"https:\/\/terrasdomino.deputacionlugo.org\/es\/wp-json\/wp\/v2\/tags?post=12470"}],"curies":[{"name":"wp","href":"https:\/\/api.w.org\/{rel}","templated":true}]}}