{"id":12543,"date":"2017-03-29T00:00:00","date_gmt":"2017-03-29T00:00:00","guid":{"rendered":"https:\/\/terrasdomino.deputacionlugo.org\/?p=12543"},"modified":"2023-09-28T08:16:00","modified_gmt":"2023-09-28T08:16:00","slug":"preto-de-800-persoas-poderan-participar-nas-actividades-medioambientais-gratuitas-da-deputacion","status":"publish","type":"post","link":"https:\/\/terrasdomino.deputacionlugo.org\/es\/preto-de-800-persoas-poderan-participar-nas-actividades-medioambientais-gratuitas-da-deputacion\/","title":{"rendered":"Preto de 800 persoas poder\u00e1n participar nas actividades medioambientais gratu\u00edtas da Deputaci\u00f3n"},"content":{"rendered":"<p>&#8211; Tr\u00e1tase da programaci\u00f3n de actividades do segundo trimestre do Centro de Interpretaci\u00f3n Terras do Mi\u00f1o, dese\u00f1adas para todas as idades<br \/>\n&#8211; Curso de enxerto; obradoiro de preparados medicinais para \u00f3 horto; xornada de limpeza solidaria de bosques ou investigamos e creamos estrelas son s\u00f3 algunha das actividades que se ofrecer\u00e1n durante os vindeiros meses<br \/>\n&#8211; O prazo de inscrici\u00f3n \u00e1brese ma\u00f1\u00e1 en www.deputacionlugo.gal. M\u00e1is informaci\u00f3n en 982 22 78 12<\/p>\n<p>Preto de 800 persoas poder\u00e1n participar nas actividades medioambientais gratu\u00edtas da Deputaci\u00f3n<br \/>\nO Deputado de Medio Ambiente, Argelio Fern\u00e1ndez Queipo, presentou este m\u00e9rcores a nova programaci\u00f3n de actividades medioambientais e gratu\u00edtas que ofrece a Deputaci\u00f3n a trav\u00e9s de Terras do Mi\u00f1o. Son as actividades inclu\u00eddas dentro do segundo trimestre do Centro de Interpretaci\u00f3n nas que poder\u00e1n participar preto de 800 persoas de todas as idades. O prazo de inscrici\u00f3n abre ma\u00f1\u00e1 en www.deputacionlugo.gal. M\u00e1is informaci\u00f3n en 982 22 78 12.<\/p>\n<p>Fern\u00e1ndez Queipo subli\u00f1ou que \u201ca trav\u00e9s desta programaci\u00f3n, fomentamos o estudo da riqueza natural e patrimonial da nosa provincia, ao tempo que impulsamos as pr\u00e1cticas responsables co medio ambiente\u201d.<\/p>\n<p>O Deputado afirmou tam\u00e9n que esta iniciativa ofr\u00e9celle aos cidad\u00e1ns \u201cunha alternativa l\u00fadica e formativa a custe cero\u201d, avanzando que a Deputaci\u00f3n seguir\u00e1 incentivando proxectos como este, que, \u201cademais de servirlle \u00f3s veci\u00f1os como alternativa de ocio, pon de manifesto a riqueza medioambiental da nosa provincia\u201d.<\/p>\n<p>Programaci\u00f3n de actividades<br \/>\nO Goberno da Deputaci\u00f3n decidiu ofrecer un total de 23 actividades entre as que se atopan obradoiros dese\u00f1ados para adultos, nenos e familias. A programaci\u00f3n \u00e9 a seguinte:<\/p>\n<p>ACTIVIDADES PARA ADULTOS<br \/>\nAbril<br \/>\n1 de abril.- Curso de enxerto, impartido por Marcos Besada \u00c1lvarez. Celebrarase no Centro de Interpretaci\u00f3n Terras do Mi\u00f1o, nun horario de 10:00 a 14:00 horas. Hai un total de 20 prazas.<\/p>\n<p>6 e 8 de abril.- Planificaci\u00f3n do horto primavera-ver\u00e1n, impartido por Carlos Brea. Celebrarase no Centro de Interpretaci\u00f3n Terras do Mi\u00f1o, o d\u00eda 6 nun horario de 19:00 a 21:00 horas, e o 8 de 10:00 a 14:00 horas. Hai un total de 24 prazas.<\/p>\n<p>29 de abril.- Obradoiro de preparados medicinais para \u00f3 horto, impartido por Milhulloa. Celebrarase no Centro de Interpretaci\u00f3n Terras do Mi\u00f1o, nun horario de 10:00 a 14:00 horas. Hai un total de 20 prazas.<\/p>\n<p>Maio<br \/>\n6 de maio.- Multiplicaci\u00f3n vexetativa de especies le\u00f1osas, impartido por Javier Pereira-Espinel. Celebrarase no Centro de Interpretaci\u00f3n Terras do Mi\u00f1o, nun horario de 11:00 a 14:00 horas. Hai un total de 20 prazas.<\/p>\n<p>13 de maio.- Obradoiro deshidratado de froitas, hortalizas e arom\u00e1ticas, impartido por Mihulloa. Celebrarase no Centro de Interpretaci\u00f3n Terras do Mi\u00f1o, nun horario de 10:00 a 14:00 horas. Hai un total de 20 prazas.<\/p>\n<p>ACTIVIDADES PARA FAMILIAS<br \/>\nAbril<br \/>\n22 de abril.- Xornada de limpeza solidaria de bosques, impartido por Sociedade Micol\u00f3xica Lucus. Celebrarase no Centro de Interpretaci\u00f3n Terras do Mi\u00f1o, nun horario de 10:00 a 13:30 horas. Hai un total de 30 prazas.<\/p>\n<p>Maio<br \/>\n20 de maio.- Paseo bot\u00e1nico pola reserva da biosfera terras do Mi\u00f1o: ruta do campus, impartido por Javier Pereira-Espinel. A actividade arrancar\u00e1 da cafeter\u00eda As Pedreiras \u00e1s 11:00 horas. Hai un total de 30 prazas.<\/p>\n<p>27 de maio.- Curso de iniciaci\u00f3n \u00e1 fauna e flora da reserva da biosfera terras do Mi\u00f1o, impartido por Gustavo Mart\u00ednez Lamas. Celebrarase no Centro de Interpretaci\u00f3n Terras do Mi\u00f1o, nun horario de 10:00 a 14:00 horas. Hai un total de 20 prazas.<\/p>\n<p>Xu\u00f1o<br \/>\n10 e 11 de xu\u00f1o.- O sis\u00f3n na reserva na reserva da biosfera Terras do Mi\u00f1o. Ave do ano 2017, impartido por Gustavo Mart\u00ednez Lamas. O d\u00eda 10, celebrarase no C.I. Terras do Mi\u00f1o e o 11, no C.I. Lagoa de Cospeito, nun horario de 10:00 a 14:00 horas. Hai un total de 20 prazas.<\/p>\n<p>ACTIVIDADES INFANT\u00cdS<br \/>\nAbril<br \/>\n10 de abril.- \u201cObradoiro da natureza\u201d, impartido por Equal. Celebrarase no Centro de Interpretaci\u00f3n Terras do Mi\u00f1o, nun horario de 10:00 a 14:00 horas. Hai un total de 20 prazas.<\/p>\n<p>11 de abril.- Obradoiro \u201cPaseo estacional\u201d, impartido por Equal. Celebrarase no Centro de Interpretaci\u00f3n Terras do Mi\u00f1o, nun horario de 10:00 a 14:00 horas. Hai un total de 20 prazas.<\/p>\n<p>12 de abril.- \u201cObradoiro de pasta\u201d, impartido por Equal. Celebrarase no Centro de Interpretaci\u00f3n Terras do Mi\u00f1o, nun horario de 10:00 a 14:00 horas. Hai un total de 20 prazas.<\/p>\n<p>Xu\u00f1o<br \/>\n3 de xu\u00f1o.- \u201cO extraordinario inventario da natureza\u201d, contacontos que se celebrar\u00e1 no Sal\u00f3n de Actos da Deputaci\u00f3n de Lugo. A primeira funci\u00f3n ser\u00e1 as 11:00 horas e a segunda \u00e1s 12:30. Hai un total de 70 prazas.<\/p>\n<p>4 de xu\u00f1o.- \u201cMerenda con pan de millo\u201d, contacontos que se celebrar\u00e1 no Sal\u00f3n de Actos da Deputaci\u00f3n de Lugo. A primeira funci\u00f3n ser\u00e1 as 11:00 horas e a segunda \u00e1s 12:30. Hai un total de 100 prazas<\/p>\n<p>17 de xu\u00f1o.- Obradoiro \u201cD\u00eda mundial contra a segu\u00eda\u201d, impartido por Enigma. Celebrarase no Centro de Interpretaci\u00f3n Terras do Mi\u00f1o, nun horario de 10:00 a 13:30 horas. Hai un total de 20 prazas.<\/p>\n<p>26 de xu\u00f1o.- Obradoiro \u201cDescubrimos os poderes do sol\u201d, impartido por Enigma. Celebrarase no Centro de Interpretaci\u00f3n Terras do Mi\u00f1o, nun horario de 10:00 a 13:30 horas. Hai un total de 20 prazas.<\/p>\n<p>27 de xu\u00f1o.- Obradoiro \u201cCo\u00f1ecemos a l\u00faa\u201d, impartido por Enigma. Celebrarase no Centro de Interpretaci\u00f3n Terras do Mi\u00f1o, nun horario de 10:00 a 13:30 horas. Hai un total de 20 prazas.<\/p>\n<p>28 de xu\u00f1o.- Obradoiro \u201cinvestigamos e creamos estrelas\u201d, impartido por Enigma. Celebrarase no Centro de Interpretaci\u00f3n Terras do Mi\u00f1o, nun horario de 10:00 a 13:30 horas. Hai un total de 20 prazas.<\/p>\n<p>29 de xu\u00f1o.- Obradoiro \u201cArtistas do noso sistema solar\u201d impartido por Enigma. Celebrarase no Centro de Interpretaci\u00f3n Terras do Mi\u00f1o, nun horario de 10:00 a 13:30 horas. Hai un total de 20 prazas.<\/p>\n<p>PROGRAMACI\u00d3N ESPECIAL<br \/>\n3 e 4 de xu\u00f1o.- D\u00eda internacional do medio ambiente, coordinado por Ouvirmos. O d\u00eda 3, ter\u00e1 lugar a proxecci\u00f3n do documental e coloquio En todas as mans, nun horario de 11:30 a 13:30 horas, no C.I. Terras do Mi\u00f1o. Hai un total de 40 prazas. Pola tarde, de 18:00 a 20:00 horas, ser\u00e1 o coloquio \u201cNovas formas de consumo enerx\u00e9tico\u201d ,no que tam\u00e9n hai 40 prazas.<\/p>\n<p>O d\u00eda 4 hai programado un \u201cPaseo guiado e observatorio de aves polo R\u00edo Rato\u201d, que arranca do C.I. Terras do Mi\u00f1o, nun horario de 11:30 a 13:30 horas. Hai un total de 40 prazas.<\/p>\n","protected":false},"excerpt":{"rendered":"<p>&#8211; Tr\u00e1tase da programaci\u00f3n de actividades do segundo trimestre do Centro de Interpretaci\u00f3n Terras do Mi\u00f1o, dese\u00f1adas para todas as idades &#8211; Curso de enxerto; obradoiro de preparados medicinais para \u00f3 horto; xornada de limpeza solidaria de bosques ou investigamos e creamos estrelas son s\u00f3 algunha das actividades que se ofrecer\u00e1n durante os vindeiros meses &#8230;<\/p>\n","protected":false},"author":2,"featured_media":10927,"comment_status":"closed","ping_status":"open","sticky":false,"template":"","format":"standard","meta":{"_eb_attr":"","footnotes":""},"categories":[114],"tags":[],"class_list":["post-12543","post","type-post","status-publish","format-standard","has-post-thumbnail","hentry","category-c-i-terras-do-mino-es"],"_links":{"self":[{"href":"https:\/\/terrasdomino.deputacionlugo.org\/es\/wp-json\/wp\/v2\/posts\/12543","targetHints":{"allow":["GET"]}}],"collection":[{"href":"https:\/\/terrasdomino.deputacionlugo.org\/es\/wp-json\/wp\/v2\/posts"}],"about":[{"href":"https:\/\/terrasdomino.deputacionlugo.org\/es\/wp-json\/wp\/v2\/types\/post"}],"author":[{"embeddable":true,"href":"https:\/\/terrasdomino.deputacionlugo.org\/es\/wp-json\/wp\/v2\/users\/2"}],"replies":[{"embeddable":true,"href":"https:\/\/terrasdomino.deputacionlugo.org\/es\/wp-json\/wp\/v2\/comments?post=12543"}],"version-history":[{"count":1,"href":"https:\/\/terrasdomino.deputacionlugo.org\/es\/wp-json\/wp\/v2\/posts\/12543\/revisions"}],"predecessor-version":[{"id":12544,"href":"https:\/\/terrasdomino.deputacionlugo.org\/es\/wp-json\/wp\/v2\/posts\/12543\/revisions\/12544"}],"wp:featuredmedia":[{"embeddable":true,"href":"https:\/\/terrasdomino.deputacionlugo.org\/es\/wp-json\/wp\/v2\/media\/10927"}],"wp:attachment":[{"href":"https:\/\/terrasdomino.deputacionlugo.org\/es\/wp-json\/wp\/v2\/media?parent=12543"}],"wp:term":[{"taxonomy":"category","embeddable":true,"href":"https:\/\/terrasdomino.deputacionlugo.org\/es\/wp-json\/wp\/v2\/categories?post=12543"},{"taxonomy":"post_tag","embeddable":true,"href":"https:\/\/terrasdomino.deputacionlugo.org\/es\/wp-json\/wp\/v2\/tags?post=12543"}],"curies":[{"name":"wp","href":"https:\/\/api.w.org\/{rel}","templated":true}]}}