{"id":12545,"date":"2017-04-04T00:00:00","date_gmt":"2017-04-04T00:00:00","guid":{"rendered":"https:\/\/terrasdomino.deputacionlugo.org\/?p=12545"},"modified":"2023-09-28T08:16:28","modified_gmt":"2023-09-28T08:16:28","slug":"5a-reunion-de-la-red-euromab-con-participacion-de-las-rb-terras-do-mino-y-os-ancares-lucenses","status":"publish","type":"post","link":"https:\/\/terrasdomino.deputacionlugo.org\/es\/5a-reunion-de-la-red-euromab-con-participacion-de-las-rb-terras-do-mino-y-os-ancares-lucenses\/","title":{"rendered":"5\u00aa reuni\u00f3n de la Red EuroMAB con participaci\u00f3n de las RB Terras do Mi\u00f1o y Os Ancares Lucenses"},"content":{"rendered":"<p>Del 4 al 7 de abril se ha celebrado en Sarlat (Francia) la 15\u00aa reuni\u00f3n de la Red Euro-MAB (Red de reservas de la biosfera europeas, estadunidenses y canadienses). A la reuni\u00f3n acudieron cerca de 250 participantes procedentes de 40 pa\u00edses y fue organizada y coordinada por el Comit\u00e9 MaB franc\u00e9s, la UNESCO y la Reserva de la Biosfera de Bassin Dordogne en la que se ubica el municipio de Sarlat.<\/p>\n<p>Durante la reuni\u00f3n se desarrollaron sesiones plenarias en las que fundamentalmente se expusieron los nuevos retos resultantes de la aplicaci\u00f3n de la nueva Estrategia del Programa MaB (2015-2025) as\u00ed como del Plan de Acci\u00f3n de Lima (2016-2025). Otro tema significativo tratado fue el esfuerzo que hacen y har\u00e1n las reservas de la biosfera por alcanzar los objetivos de desarrollo sostenible (ODS, Agenda 2030 de ONU).<\/p>\n<p>Durante el encuentro se dedic\u00f3 un espacio para que, mediante presentaciones breves o la proyecci\u00f3n de videos cortos, las reservas pudiesen compartir y explicar las experiencias exitosas realizadas en los dos \u00faltimos a\u00f1os. En este intercambio de informaci\u00f3n particip\u00f3 en representaci\u00f3n de la Red espa\u00f1ola de Reservas de la Biosfera las reservas de Terras do Mi\u00f1o y Os Ancares Lucenses con un video sobre el programa del campus de emprendimiento sostenible (https:\/\/www.youtube.com\/watch?v=l75zkZMWUaQ) y Urdaibai, con un v\u00eddeo sobre el programa de divulgaci\u00f3n en colegios de los ODS.<\/p>\n<p>Finalmente desarrollaron 15 talleres tem\u00e1ticos en los que se trataron diversos temas como los modelos de gesti\u00f3n de las reservas, la visibilidad del Programa MaB, el medio urbano en las reservas, la investigaci\u00f3n, las reservas en el \u00e1mbito mediterr\u00e1neo, etc.<\/p>\n<p>Cabe destacar que la Secretar\u00eda del Comit\u00e9 Espa\u00f1ol del Programa MaB particip\u00f3 como coordinador en un taller sobre reservas transfronterizas.<\/p>\n<p>La representaci\u00f3n de Espa\u00f1a estuvo compuesta por un representante de la Secretar\u00eda del Comit\u00e9 MaB , por Miren Onaindia y Mart\u00ed Boada en representaci\u00f3n del Consejo Cient\u00edfico del Comit\u00e9 MaB y por Arantzazu Acha, directora del Centro UNESCO del Pa\u00eds Vasco. Las conclusiones de la reuni\u00f3n as\u00ed como los res\u00famenes de los talleres ser\u00e1n puestos en breve a disposici\u00f3n de todos los interesados.<\/p>\n","protected":false},"excerpt":{"rendered":"<p>Del 4 al 7 de abril se ha celebrado en Sarlat (Francia) la 15\u00aa reuni\u00f3n de la Red Euro-MAB (Red de reservas de la biosfera europeas, estadunidenses y canadienses). A la reuni\u00f3n acudieron cerca de 250 participantes procedentes de 40 pa\u00edses y fue organizada y coordinada por el Comit\u00e9 MaB franc\u00e9s, la UNESCO y la &#8230;<\/p>\n","protected":false},"author":2,"featured_media":10919,"comment_status":"closed","ping_status":"open","sticky":false,"template":"","format":"standard","meta":{"_eb_attr":"","footnotes":""},"categories":[119],"tags":[],"class_list":["post-12545","post","type-post","status-publish","format-standard","has-post-thumbnail","hentry","category-reserva-de-la-biosfera"],"_links":{"self":[{"href":"https:\/\/terrasdomino.deputacionlugo.org\/es\/wp-json\/wp\/v2\/posts\/12545","targetHints":{"allow":["GET"]}}],"collection":[{"href":"https:\/\/terrasdomino.deputacionlugo.org\/es\/wp-json\/wp\/v2\/posts"}],"about":[{"href":"https:\/\/terrasdomino.deputacionlugo.org\/es\/wp-json\/wp\/v2\/types\/post"}],"author":[{"embeddable":true,"href":"https:\/\/terrasdomino.deputacionlugo.org\/es\/wp-json\/wp\/v2\/users\/2"}],"replies":[{"embeddable":true,"href":"https:\/\/terrasdomino.deputacionlugo.org\/es\/wp-json\/wp\/v2\/comments?post=12545"}],"version-history":[{"count":1,"href":"https:\/\/terrasdomino.deputacionlugo.org\/es\/wp-json\/wp\/v2\/posts\/12545\/revisions"}],"predecessor-version":[{"id":12546,"href":"https:\/\/terrasdomino.deputacionlugo.org\/es\/wp-json\/wp\/v2\/posts\/12545\/revisions\/12546"}],"wp:featuredmedia":[{"embeddable":true,"href":"https:\/\/terrasdomino.deputacionlugo.org\/es\/wp-json\/wp\/v2\/media\/10919"}],"wp:attachment":[{"href":"https:\/\/terrasdomino.deputacionlugo.org\/es\/wp-json\/wp\/v2\/media?parent=12545"}],"wp:term":[{"taxonomy":"category","embeddable":true,"href":"https:\/\/terrasdomino.deputacionlugo.org\/es\/wp-json\/wp\/v2\/categories?post=12545"},{"taxonomy":"post_tag","embeddable":true,"href":"https:\/\/terrasdomino.deputacionlugo.org\/es\/wp-json\/wp\/v2\/tags?post=12545"}],"curies":[{"name":"wp","href":"https:\/\/api.w.org\/{rel}","templated":true}]}}