{"id":12569,"date":"2017-12-13T00:00:00","date_gmt":"2017-12-13T00:00:00","guid":{"rendered":"https:\/\/terrasdomino.deputacionlugo.org\/?p=12569"},"modified":"2023-09-28T08:22:27","modified_gmt":"2023-09-28T08:22:27","slug":"deputacion-usc-e-udc-primeiras-institucions-en-espana-que-ofrecen-compensacions-economicas-polo-desenvolvemento-sostible-do-rural","status":"publish","type":"post","link":"https:\/\/terrasdomino.deputacionlugo.org\/es\/deputacion-usc-e-udc-primeiras-institucions-en-espana-que-ofrecen-compensacions-economicas-polo-desenvolvemento-sostible-do-rural\/","title":{"rendered":"Deputaci\u00f3n, USC e UDC, primeiras instituci\u00f3ns en Espa\u00f1a que ofrecen compensaci\u00f3ns econ\u00f3micas polo desenvolvemento sostible do rural"},"content":{"rendered":"<p>&#8211; Coa participaci\u00f3n directa dos propietarios das Comunidades de Montes Veci\u00f1ais en Man Com\u00fan na Serra do Xistral, desenvolver\u00e1n o Life in Commom Land<\/p>\n<p>&#8211; \u00c9 proxecto de 2 mill\u00f3ns, co-financiados nun 70% pola UE, que busca o desenvolvemento socioecon\u00f3mico e sostible de zonas rurais de especial protecci\u00f3n<\/p>\n<p>&#8211; Campos, Barreiro, Naveira e Fern\u00e1ndez presentaron hoxe este proxecto nun acto no que participaron usuarios dos Montes de Abad\u00edn, Muras, O Valadouro, Ourol e Viveiro<\/p>\n<p>O Presidente da Deputaci\u00f3n, Dar\u00edo Campos Conde, o Vicerreitor de Desenvolvemento Cient\u00edfico e Tecnol\u00f3xico do Campus de Lugo, Andr\u00e9s Barreiro Lois, e o Adxunto ao Vicerreitor de Pol\u00edtica Cient\u00edfica da Universidade da Coru\u00f1a, Horacio Naveira Fachal, xunto ao Deputado de Cooperaci\u00f3n cos Concellos e Medio Ambiente, Argelio Fern\u00e1ndez Queipo, presentaron este xoves o Life in Commom Land.<\/p>\n<p>Tr\u00e1tase do proxecto que elaborou a Deputaci\u00f3n, coa colaboraci\u00f3n da USC e da UDC, para demostrar que \u00e9 compatible o desenvolvemento socioecon\u00f3mico e sostible de zonas rurais de especial protecci\u00f3n, que contan con restrici\u00f3ns lexislativas en canto o seu emprego, aproveitamento ou coidado.<\/p>\n<p>O organismo provincial presentouno \u00e1 Uni\u00f3n Europea acadando 1,4 mill\u00f3ns de fondos comunitarios. Ampliouse a s\u00faa dotaci\u00f3n econ\u00f3mica aos 2 mill\u00f3ns cunha achega de 212.000 euros da Deputaci\u00f3n, 198.000 euros da USC e 100.000 da UDC.<\/p>\n<p>Levarase a cabo na Serra do Xistral, nun espazo de 5.000 hect\u00e1reas, que abrangue os Concellos de Abad\u00edn, Muras, O Valadouro, Ourol e Viveiro. Farase coa participaci\u00f3n directas dos propietarios e usuarios dos Montes Veci\u00f1ais en Man Com\u00fan, hoxe presentes na prestaci\u00f3n do proxecto.<\/p>\n<p>Conxuntamente, dese\u00f1ar\u00e1n as medidas que garantan un desenvolvemento sostible da zona que redunden na mellora da produci\u00f3n gandeira e forestal, na axilizaci\u00f3n de tr\u00e1mites e aspectos administrativos, as\u00ed como na conservaci\u00f3n do rural, dot\u00e1ndoo de oportunidades.<\/p>\n<p>Ser\u00e1n os usuarios e propietarios os encargados de executar estas medidas que, de acadaren os obxectivos fixados, recibir\u00e1n compensaci\u00f3ns econ\u00f3micas, facendo que Deputaci\u00f3n, USC e UCD se convertan nas primeiras administraci\u00f3ns en Espa\u00f1a que premien economicamente o desenvolvemento sostible. Tr\u00e1tase dun modelo que xa se aplica noutros pa\u00edses europeo, como por exemplo Francia, para combater o despoboamento demogr\u00e1fico e conversar o medio ambiente. Life in Commom Land ten un duraci\u00f3n de 5 anos.<\/p>\n<p>Motivos deste proxecto<\/p>\n<p>O Presidente explicou que as zonas de especial protecci\u00f3n, como neste caso a Serra do Xistra que \u00e9 Rede Natura 2000, contemplan certas limitaci\u00f3ns de uso e aproveitamento do territorio, que ve\u00f1en impostas pola normativa vixente. \u201cDecidimos elaborar este pioneiro proxecto para ofrecer soluci\u00f3ns a estas limitaci\u00f3ns. E fac\u00e9molo porque as administraci\u00f3ns coas competencias directas non o fixeron. A Xunta deber\u00eda ter posto en marcha medidas de desenvolvemento destes espazos para garantir a vida no rural e do rural que, lamentablemente, cada vez \u00e9 m\u00e1is dif\u00edcil e vai a menos\u201d apuntou.<\/p>\n<p>Proxecto novidoso<\/p>\n<p>\u00c9 un proxecto totalmente novidoso por varios motivos: 1).- Porque \u00e9 participativo. Os propietarios e usuarios dos Montes do Xistral te\u00f1en un papel prioritario. Xa foron part\u00edcipes na elaboraci\u00f3n do proxecto; estano sendo agora no dese\u00f1o das medidas que aplicar\u00e1n e ser\u00e1n eles mesmo os encargados de executalas. 2).- Incl\u00fae compensaci\u00f3ns econ\u00f3micas aos usuarios pola implantaci\u00f3n das medidas de desenvolvemento sostible, que se conceder\u00e1n tendo en conta os obxectivos cumpridos. \u201cDeputaci\u00f3n, USC e UCD convert\u00e9monos nas primeiras instituci\u00f3ns p\u00fablicas en Espa\u00f1a que ofrecen retribuci\u00f3ns pola aplicaci\u00f3n de necesarias medidas de aproveitamento e conservaci\u00f3n do h\u00e1bitat na procura dun desenvolvemento sostible do noso rural, que non podemos deixar que morra\u201d, destacou Campos. 3).- Busca ser trasladado a outros territorios europeos, pois crearanse novos esquemas de xesti\u00f3n gandeira e de ordenaci\u00f3n forestal.<\/p>\n<p>Obxectivos<\/p>\n<p>Durante 5 anos, ata 2022, iranse implantando medidas, encami\u00f1as a cumprir os seguintes obxectivos: 1).- Mellorar a produci\u00f3n gandeira e forestal a trav\u00e9s da implantaci\u00f3n de modelos de aproveitamento baseados nas experiencias dos usuarios dos montes. 2).- Axilizar tr\u00e1mites e aspectos administrativos logo de ter establecidos novos esquemas produtivos. 3).- Conservar o rural e dotalo de oportunidades.<\/p>\n<p>O Presidente subli\u00f1ou que \u201csempre defendo que temos que traballar cara unha Deputaci\u00f3n co rural porque a nosa provincia \u00e9 rural, facendo que esta administraci\u00f3n estea cos nosos veci\u00f1os. Gracias pola vosa implicaci\u00f3n. De seguro que xuntos demostraremos que o noso rural ten futuro\u201d.<\/p>\n","protected":false},"excerpt":{"rendered":"<p>&#8211; Coa participaci\u00f3n directa dos propietarios das Comunidades de Montes Veci\u00f1ais en Man Com\u00fan na Serra do Xistral, desenvolver\u00e1n o Life in Commom Land &#8211; \u00c9 proxecto de 2 mill\u00f3ns, co-financiados nun 70% pola UE, que busca o desenvolvemento socioecon\u00f3mico e sostible de zonas rurais de especial protecci\u00f3n &#8211; Campos, Barreiro, Naveira e Fern\u00e1ndez presentaron &#8230;<\/p>\n","protected":false},"author":2,"featured_media":0,"comment_status":"closed","ping_status":"open","sticky":false,"template":"","format":"standard","meta":{"_eb_attr":"","footnotes":""},"categories":[117],"tags":[],"class_list":["post-12569","post","type-post","status-publish","format-standard","hentry","category-diputacion-lugo"],"_links":{"self":[{"href":"https:\/\/terrasdomino.deputacionlugo.org\/es\/wp-json\/wp\/v2\/posts\/12569","targetHints":{"allow":["GET"]}}],"collection":[{"href":"https:\/\/terrasdomino.deputacionlugo.org\/es\/wp-json\/wp\/v2\/posts"}],"about":[{"href":"https:\/\/terrasdomino.deputacionlugo.org\/es\/wp-json\/wp\/v2\/types\/post"}],"author":[{"embeddable":true,"href":"https:\/\/terrasdomino.deputacionlugo.org\/es\/wp-json\/wp\/v2\/users\/2"}],"replies":[{"embeddable":true,"href":"https:\/\/terrasdomino.deputacionlugo.org\/es\/wp-json\/wp\/v2\/comments?post=12569"}],"version-history":[{"count":1,"href":"https:\/\/terrasdomino.deputacionlugo.org\/es\/wp-json\/wp\/v2\/posts\/12569\/revisions"}],"predecessor-version":[{"id":12570,"href":"https:\/\/terrasdomino.deputacionlugo.org\/es\/wp-json\/wp\/v2\/posts\/12569\/revisions\/12570"}],"wp:attachment":[{"href":"https:\/\/terrasdomino.deputacionlugo.org\/es\/wp-json\/wp\/v2\/media?parent=12569"}],"wp:term":[{"taxonomy":"category","embeddable":true,"href":"https:\/\/terrasdomino.deputacionlugo.org\/es\/wp-json\/wp\/v2\/categories?post=12569"},{"taxonomy":"post_tag","embeddable":true,"href":"https:\/\/terrasdomino.deputacionlugo.org\/es\/wp-json\/wp\/v2\/tags?post=12569"}],"curies":[{"name":"wp","href":"https:\/\/api.w.org\/{rel}","templated":true}]}}