{"id":12577,"date":"2018-01-31T00:00:00","date_gmt":"2018-01-31T00:00:00","guid":{"rendered":"https:\/\/terrasdomino.deputacionlugo.org\/?p=12577"},"modified":"2023-09-28T08:24:20","modified_gmt":"2023-09-28T08:24:20","slug":"un-tesoro-ecologico-en-la-cabecera-del-rato","status":"publish","type":"post","link":"https:\/\/terrasdomino.deputacionlugo.org\/es\/un-tesoro-ecologico-en-la-cabecera-del-rato\/","title":{"rendered":"Un tesoro ecol\u00f3gico en la cabecera del Rato"},"content":{"rendered":"<p>Dentro del programa Lugo+Biodin\u00e1mico se llevar\u00e1 a cabo la restauraci\u00f3n de una zona de humedal en As G\u00e1ndaras<\/p>\n<p>Desde el a\u00f1o 1977, el 2 de febrero se celebra el D\u00eda Mundial de los Humedales para conmemorar que seis a\u00f1os antes se firm\u00f3 un convenio en la ciudad iran\u00ed de Ramsar pionero en reconocer la importancia de este tipo de ecosistemas, que en muchos casos han sufrido una grave degradaci\u00f3n. Un ejemplo de ese deterioro progresivo podr\u00eda ser la zona de humedal situada en el cabecera del r\u00edo Rato, cuya recuperaci\u00f3n se han propuesto los promotores del proyecto Life Lugo+Biodin\u00e1mico -una iniciativa liderada por el Concello que cuenta con una aportaci\u00f3n europea de 1,8 millones de euros y en la que participa, entre otros, la Universidade de Santiago- para incluirla en el paseo periurbano del Rato y darle un fin divulgativo e investigador.<\/p>\n<p>Uno de los objetivos del proyecto es conseguir que este humedal sea declarado Espacio Natural de Inter\u00e9s Local (Enil). Antes de alcanzar esta fase, habr\u00e1 que realizar la restauraci\u00f3n ecol\u00f3gica de la zona que, \u00aba pesar de su degradaci\u00f3n, puede recuperarse\u00bb, explican los investigadores Antonio Rigueiro y Esther Fern\u00e1ndez, quienes se\u00f1alan que \u00abel desconocimiento por parte de la poblaci\u00f3n de la importancia de estos h\u00e1bitats hace que se lleven a cabo pr\u00e1cticas que ponen en peligro su conservaci\u00f3n\u00bb, como el vertido de escombros y residuos s\u00f3lidos urbanos.<\/p>\n<p>Uno de los objetivos del proyecto es conseguir que este humedal sea declarado Espacio Natural de Inter\u00e9s Local (Enil)<\/p>\n<p>Cuando est\u00e1n bien conservados, los humedales presentan una gran diversidad de fauna, con presencia de peque\u00f1os roedores, aves, reptiles, anfibios e invertebrados, adem\u00e1s de tener \u00abun gran potencial de acoger especies de vegetaci\u00f3n acu\u00e1tica y servir de estaci\u00f3n de paso a numerosas especies de aves y otros animales\u00bb, dado que los \u00e1rboles y arbustos propios de estas zonas les resultan muy atractivas.<\/p>\n<p>El humedal de As G\u00e1ndaras presenta numerosas especies vegetales aut\u00f3ctonas, como alisos, sauces y abedules, entre otras, aunque tambi\u00e9n otras que no son propias de la zona, como peque\u00f1os bosquetes de pino gallego y pino de Monterrey. \u00abLa mayor parte de estos ejemplares de pino ya han alcanzado una altura considerable y en algunos de ellos se puede apreciar una falta total de cuidados culturales despu\u00e9s de la plantaci\u00f3n, por ejemplo la ausencia de podas, lo cual se traduce en una gran acumulaci\u00f3n de ramas desde cerca de la base del tronco, dificultando la transitabilidad\u00bb, apuntan los especialistas.<\/p>\n<p>Tambi\u00e9n hay ejemplares de sauce llor\u00f3n en la carretera que da acceso a la urbanizaci\u00f3n lim\u00edtrofes. Tanto estos como los pinos, impiden \u00abla recolonizaci\u00f3n de la flora aut\u00f3ctona circundante\u00bb y restan calidad pisaj\u00edstica. Se han identificado, adem\u00e1s, especies invasoras, como el lilo de verano, la falsa acacia y el corre que te pillo, que compite con la vegetaci\u00f3n natural y la desplaza.<\/p>\n<p>A pesar de la presi\u00f3n de la actividad humana, se mantienen varios h\u00e1bitats naturales de inter\u00e9s comunitario y la diversidad faun\u00edstica \u00abes bastante elevada\u00bb, con especies con distinto grado de protecci\u00f3n, como el sapillo pintojo ib\u00e9rico, el lagarto verdinegro, la curruca rabilarga, el milano negro, el sapo partero, el trit\u00f3n jaspeado, la culebra lisa europea, el lagarto verdinegro y la rana patilarga, estas dos \u00faltimas endemismos ib\u00e9ricos.<\/p>\n<p>El programa de intervenci\u00f3n se centrar\u00e1 en eliminar la flora impropia y, especialmente, las plantas invasoras, con el fin de conservar la biodiversidad y el paisaje. Finalmente, se transformar\u00e1 el humedal en un espacio p\u00fablico abierto orientado a la divulgaci\u00f3n, la educaci\u00f3n y la investigaci\u00f3n. La idea es que \u00absirva para aumentar la sensibilidad medioambiental de la sociedad y que se integre en las rutas de naturaleza de la periferia de Lugo\u00bb.<\/p>\n","protected":false},"excerpt":{"rendered":"<p>Dentro del programa Lugo+Biodin\u00e1mico se llevar\u00e1 a cabo la restauraci\u00f3n de una zona de humedal en As G\u00e1ndaras Desde el a\u00f1o 1977, el 2 de febrero se celebra el D\u00eda Mundial de los Humedales para conmemorar que seis a\u00f1os antes se firm\u00f3 un convenio en la ciudad iran\u00ed de Ramsar pionero en reconocer la importancia &#8230;<\/p>\n","protected":false},"author":2,"featured_media":10969,"comment_status":"closed","ping_status":"open","sticky":false,"template":"","format":"standard","meta":{"_eb_attr":"","footnotes":""},"categories":[119],"tags":[],"class_list":["post-12577","post","type-post","status-publish","format-standard","has-post-thumbnail","hentry","category-reserva-de-la-biosfera"],"_links":{"self":[{"href":"https:\/\/terrasdomino.deputacionlugo.org\/es\/wp-json\/wp\/v2\/posts\/12577","targetHints":{"allow":["GET"]}}],"collection":[{"href":"https:\/\/terrasdomino.deputacionlugo.org\/es\/wp-json\/wp\/v2\/posts"}],"about":[{"href":"https:\/\/terrasdomino.deputacionlugo.org\/es\/wp-json\/wp\/v2\/types\/post"}],"author":[{"embeddable":true,"href":"https:\/\/terrasdomino.deputacionlugo.org\/es\/wp-json\/wp\/v2\/users\/2"}],"replies":[{"embeddable":true,"href":"https:\/\/terrasdomino.deputacionlugo.org\/es\/wp-json\/wp\/v2\/comments?post=12577"}],"version-history":[{"count":1,"href":"https:\/\/terrasdomino.deputacionlugo.org\/es\/wp-json\/wp\/v2\/posts\/12577\/revisions"}],"predecessor-version":[{"id":12578,"href":"https:\/\/terrasdomino.deputacionlugo.org\/es\/wp-json\/wp\/v2\/posts\/12577\/revisions\/12578"}],"wp:featuredmedia":[{"embeddable":true,"href":"https:\/\/terrasdomino.deputacionlugo.org\/es\/wp-json\/wp\/v2\/media\/10969"}],"wp:attachment":[{"href":"https:\/\/terrasdomino.deputacionlugo.org\/es\/wp-json\/wp\/v2\/media?parent=12577"}],"wp:term":[{"taxonomy":"category","embeddable":true,"href":"https:\/\/terrasdomino.deputacionlugo.org\/es\/wp-json\/wp\/v2\/categories?post=12577"},{"taxonomy":"post_tag","embeddable":true,"href":"https:\/\/terrasdomino.deputacionlugo.org\/es\/wp-json\/wp\/v2\/tags?post=12577"}],"curies":[{"name":"wp","href":"https:\/\/api.w.org\/{rel}","templated":true}]}}