{"id":12593,"date":"2018-04-02T00:00:00","date_gmt":"2018-04-02T00:00:00","guid":{"rendered":"https:\/\/terrasdomino.deputacionlugo.org\/?p=12593"},"modified":"2023-09-28T08:28:50","modified_gmt":"2023-09-28T08:28:50","slug":"mais-de-430-persoas-poderan-participar-nas-actividades-medioambientais-gratuitas-da-deputacion","status":"publish","type":"post","link":"https:\/\/terrasdomino.deputacionlugo.org\/es\/mais-de-430-persoas-poderan-participar-nas-actividades-medioambientais-gratuitas-da-deputacion\/","title":{"rendered":"M\u00e1is de 430 persoas poder\u00e1n participar nas actividades medioambientais gratu\u00edtas da Deputaci\u00f3n"},"content":{"rendered":"<p>&#8211; Tr\u00e1tase da programaci\u00f3n de actividades do segundo trimestre do Centro de Interpretaci\u00f3n Terras do Mi\u00f1o, dese\u00f1adas para todas as idades e totalmente de balde<\/p>\n<p>&#8211; Un total de 17 actividades entre obradoiros, xornadas e conferencias completan a oferta de actividades que se levar\u00e1n a cabo no paseo do R\u00edo Rato na capital luguesa. M\u00e1is informaci\u00f3n e inscrici\u00f3ns en www.deputacionlugo.gal e no tel\u00e9fono 982 22 78 12<\/p>\n<p>O Deputado de Medio Ambiente, Argelio Fern\u00e1ndez Queipo, presentou este luns a nova programaci\u00f3n de actividades medioambientais e gratu\u00edtas que ofrece o Goberno da Deputaci\u00f3n e nas que poder\u00e1n participar m\u00e1is de 430 persoas de todas as idades. Tr\u00e1tase das novas actividades do segundo trimestre do Centro de Interpretaci\u00f3n Terras do Mi\u00f1o, situado no paseo do R\u00edo Rato na capital luguesa. Fixoi no Centro de Interpretaci\u00f3n Terras do Mi\u00f1o onde visitou aos alumnos que participan no campamento urbano. Os interesados en participar poden inscribirse en www.deputacionlugo.gal e no tel\u00e9fono 982 22 78 12.<\/p>\n<p>Fern\u00e1ndez Queipo subli\u00f1ou que \u201ccon estas actividades buscamos achegar a natureza a todas as veci\u00f1as e veci\u00f1os da provincia a trav\u00e9s de cursos, obradoiros, conferencias ou xornadas sobre a conservaci\u00f3n do medio ambiente e o seu coidado, unha tarefa que nos implica a todos. Precisamente, o d\u00eda 5 de xu\u00f1o, con motivo do D\u00eda Mundial do Medio Ambiente, teremos unha conferencia para tratar o tema da expansi\u00f3n das especies ex\u00f3ticas invasoras\u201d.<\/p>\n<p>Programaci\u00f3n de actividades<\/p>\n<p>O Goberno da Deputaci\u00f3n decidiu ofrecer un total de 17 actividades nas que poder\u00e1n participar m\u00e1is de 430 persoas de todas as idades. A programaci\u00f3n \u00e9 a seguinte:<\/p>\n<p>ABRIL<\/p>\n<p>7 e 8 de abril.- Curso de fotograf\u00eda. \u201cPercibimos a natureza\u201d, actividade para adultos, nun horario de 10:00 a 14:00 horas o s\u00e1bado e de 11:30 a 14:30 horas o domingo. Hai un total de 24 prazas.<\/p>\n<p>14 e 19 de abril.- O malteado dos cereais para a elaboraci\u00f3n de cervexa artes\u00e1, actividade para adultos, nun horario de 10:00 a 14:00 horas o s\u00e1bado, e de 19:00 a 21:00 horas o xoves. Hai un total de 48 prazas.<\/p>\n<p>21 de abril.- Limpeza solidaria dos bosques, actividade para adultos, nun horario de 10:00 a 13:30 horas. Actividade para adultos. Hai un total de 30 prazas.<\/p>\n<p>21 de abril.- Cultivando plantas en testos. \u201cElixindo os substratos e aprendendo a regar\u201d, actividade para adultos, nun horario de 10:00 a 14:00 horas. Hai un total de 20 prazas.<\/p>\n<p>28 de abril.- Introduci\u00f3n ao enxerto, unha actividade para adultos, nun horario de 10:00 a 14:00 horas. Hai un total de 20 prazas.<\/p>\n<p>MAIO<\/p>\n<p>3-12 de maio.- O malteado dos cereais para a elaboraci\u00f3n de cervexa artes\u00e1, actividade para adultos, nun horario de 19:00 a 21:00 horas o xoves, e de 11:00 a 14;00 horas o s\u00e1bado. Hai un total de 48 prazas.<\/p>\n<p>5 de maio.- Coidando a nutrici\u00f3n das plantas. \u201cAprendendo a fertilizar\u201d, actividade para adultos, nun horario de 10:00 a 14:00 horas. Hai un total de 20 prazas.<\/p>\n<p>19 de maio.- A curuxa, Ave do ano 2018 na Reserva da Biosfera Terras do Mi\u00f1o, actividade familiar, nun horario de 10:00 a 14:00 horas. Hai un total de 20 prazas.<\/p>\n<p>26 de maio.- Obradoiro de hotel de insectos, actividade familiar, nun horario de 10:00 a 14:00 horas. Hai un total de 20 prazas.<\/p>\n<p>XU\u00d1O<\/p>\n<p>2 de xu\u00f1o.- Xornada-Obradoiro. \u201cNatureza pr\u00f3xima\u201d, actividade infantil, nun horario de 10:00 a 14:00 horas. Hai un total de 20 prazas.<\/p>\n<p>5 de xu\u00f1o.- Conferencia. \u201cQue facer ante a expansi\u00f3n silenciosa das Especies Ex\u00f3ticas Invasoras?\u201d, actividade para todos os p\u00fablicos, nun horario de 10:00 a 14:00 horas. Hai un total de 40 prazas.<\/p>\n<p>9 de xu\u00f1o.-Libeli\u00f1as da Reserva da Biosfera Terras do Mi\u00f1o, actividade familiar, nun horario de 19:30 a 21:00 horas. Hai un total de 20 prazas.<\/p>\n<p>23 de xu\u00f1o.- Xornada-Obradoiro. \u201cPesca e embarcaci\u00f3ns nos r\u00edos galegos\u201d, actividade infantil, nun horario de 10:00 a 14:00 horas. Hai un total de 20 prazas.<\/p>\n<p>25 de xu\u00f1o.- Arxila Polim\u00e9rica: recuperando a imaxinaci\u00f3n, actividade infantil, nun horario de 10:00 a 14:00 horas. Hai un total de 15 prazas.<\/p>\n<p>26 de xu\u00f1o.- Arxila Polim\u00e9rica: xogando no ver\u00e1n, actividade infantil, nun horario de 10:00 a 14:00 horas. Hai un total de 15 prazas.<\/p>\n<p>27 de xu\u00f1o.- Arxila Polim\u00e9rica: baixo a carpa, actividade infantil, nun horario de 10:00 a 14:00 horas. Hai un total de 15 prazas.<\/p>\n<p>28 e 29 de xu\u00f1o.- Xornada-Obradoiro. \u201cOs castros. Vida dos nosos devanceiros\u201d, actividade infantil, nun horario de 10:00 a 14:00 horas. Hai un total de 20 prazas.<\/p>\n<p>30 de xu\u00f1o.- A linguaxe das nubes, actividade familiar, nun horario de 10:00 a 14:00 horas. Hai un total de 20 prazas.<\/p>\n","protected":false},"excerpt":{"rendered":"<p>&#8211; Tr\u00e1tase da programaci\u00f3n de actividades do segundo trimestre do Centro de Interpretaci\u00f3n Terras do Mi\u00f1o, dese\u00f1adas para todas as idades e totalmente de balde &#8211; Un total de 17 actividades entre obradoiros, xornadas e conferencias completan a oferta de actividades que se levar\u00e1n a cabo no paseo do R\u00edo Rato na capital luguesa. M\u00e1is &#8230;<\/p>\n","protected":false},"author":2,"featured_media":10995,"comment_status":"closed","ping_status":"open","sticky":false,"template":"","format":"standard","meta":{"_eb_attr":"","footnotes":""},"categories":[114],"tags":[],"class_list":["post-12593","post","type-post","status-publish","format-standard","has-post-thumbnail","hentry","category-c-i-terras-do-mino-es"],"_links":{"self":[{"href":"https:\/\/terrasdomino.deputacionlugo.org\/es\/wp-json\/wp\/v2\/posts\/12593","targetHints":{"allow":["GET"]}}],"collection":[{"href":"https:\/\/terrasdomino.deputacionlugo.org\/es\/wp-json\/wp\/v2\/posts"}],"about":[{"href":"https:\/\/terrasdomino.deputacionlugo.org\/es\/wp-json\/wp\/v2\/types\/post"}],"author":[{"embeddable":true,"href":"https:\/\/terrasdomino.deputacionlugo.org\/es\/wp-json\/wp\/v2\/users\/2"}],"replies":[{"embeddable":true,"href":"https:\/\/terrasdomino.deputacionlugo.org\/es\/wp-json\/wp\/v2\/comments?post=12593"}],"version-history":[{"count":1,"href":"https:\/\/terrasdomino.deputacionlugo.org\/es\/wp-json\/wp\/v2\/posts\/12593\/revisions"}],"predecessor-version":[{"id":12594,"href":"https:\/\/terrasdomino.deputacionlugo.org\/es\/wp-json\/wp\/v2\/posts\/12593\/revisions\/12594"}],"wp:featuredmedia":[{"embeddable":true,"href":"https:\/\/terrasdomino.deputacionlugo.org\/es\/wp-json\/wp\/v2\/media\/10995"}],"wp:attachment":[{"href":"https:\/\/terrasdomino.deputacionlugo.org\/es\/wp-json\/wp\/v2\/media?parent=12593"}],"wp:term":[{"taxonomy":"category","embeddable":true,"href":"https:\/\/terrasdomino.deputacionlugo.org\/es\/wp-json\/wp\/v2\/categories?post=12593"},{"taxonomy":"post_tag","embeddable":true,"href":"https:\/\/terrasdomino.deputacionlugo.org\/es\/wp-json\/wp\/v2\/tags?post=12593"}],"curies":[{"name":"wp","href":"https:\/\/api.w.org\/{rel}","templated":true}]}}