{"id":12675,"date":"2019-02-13T00:00:00","date_gmt":"2019-02-13T00:00:00","guid":{"rendered":"https:\/\/terrasdomino.deputacionlugo.org\/?p=12675"},"modified":"2023-09-28T08:59:10","modified_gmt":"2023-09-28T08:59:10","slug":"14-alumnos-do-ies-nosa-senora-dos-ollos-grandes-conecen-as-instalacions-do-mazo-de-santa-comba-e-terras-do-mino","status":"publish","type":"post","link":"https:\/\/terrasdomino.deputacionlugo.org\/es\/14-alumnos-do-ies-nosa-senora-dos-ollos-grandes-conecen-as-instalacions-do-mazo-de-santa-comba-e-terras-do-mino\/","title":{"rendered":"14 alumnos do IES Nosa Se\u00f1ora dos Ollos Grandes co\u00f1ecen as instalaci\u00f3ns do Mazo de Santa Comba e Terras do Mi\u00f1o"},"content":{"rendered":"<p>14 alumnos de 4\u00ba da ESO do IES Nosa Se\u00f1ora dos Ollos Grandes de Lugo, acompa\u00f1ados por dous profesores do centro e dous profesores de nacionalidade h\u00fangara, co\u00f1eceron este m\u00e9rcores as instalaci\u00f3ns do Mazo de Santa Comba e o Centro de Interpretaci\u00f3n Terras do Mi\u00f1o, co fin de realizar un traballo fotogr\u00e1fico e audiovisual que amose o patrimonio natural, cultural e hist\u00f3rico da provincia. Estes traballos ser\u00e1n presentados a os preto de 35 alumnos do programa Erasmus Plus Ka299 que se chegar\u00e1n a Lugo en marzo coa finalidade de por en valor este enclave, situado a escasos quil\u00f3metros da capital luguesa.<\/p>\n<p>Os alumnos visitaron o Mazo de Santa Comba, un enclave recuperado polo organismo provincial como un exemplo de arqueolox\u00eda industrial. O complexo at\u00f3pase dentro da Reserva da Biosfera Terras do Mi\u00f1o. Nas instalaci\u00f3n, os visitantes poden descubrir paneis informativos e co\u00f1ecer de primeira man o funcionamento do mu\u00ed\u00f1o, do mazo, da serra ou da moa de afiar, mecanismos accionados pola forza da auga e que significaron, no seu tempo, un pulo importante na econom\u00eda local. A Deputaci\u00f3n, no marco da s\u00faa aposta polas enerx\u00edas renovables para conservar o medio ambiente e reducir custes, instalou unha turbina hidr\u00e1ulica que aproveita a enerx\u00eda cin\u00e9tica da auga do r\u00edo Chamoso, e xera electricidade completamente verde coa forza da auga, convertendo ao centro etnogr\u00e1fico nun espazo autosuficiente enerxeticamente.<\/p>\n<p>Outra das visitas que realizaron os mozos do instituto lucense foi ao Centro de Interpretaci\u00f3n Terras do Mi\u00f1o, que se encontra nun edificio rehabilitado, tam\u00e9n pertencente a reserva da Biosfera, e situado no paseo do R\u00edo Rato. Al\u00ed puideron contemplar unha exposici\u00f3n audiovisual da etnograf\u00eda, natureza, historia, paisaxe e cultura da auga.<\/p>\n<p>Visitas guiadas<\/p>\n<p>As visitas ao Mazo de Santa Comba son guiadas e de balde para todos os p\u00fablicos, e real\u00edzanse a grupos mediante inscrici\u00f3n previa. Forman parte do cat\u00e1logo de actividades de educaci\u00f3n e divulgaci\u00f3n ambiental que se efect\u00faan desde o Servizo de Medio Ambiente da Deputaci\u00f3n e est\u00e1 aberto a todas as persoas, colectivos ou usuarios que queiran achegarse para co\u00f1ecer este complexo etnogr\u00e1fico.<\/p>\n","protected":false},"excerpt":{"rendered":"<p>14 alumnos de 4\u00ba da ESO do IES Nosa Se\u00f1ora dos Ollos Grandes de Lugo, acompa\u00f1ados por dous profesores do centro e dous profesores de nacionalidade h\u00fangara, co\u00f1eceron este m\u00e9rcores as instalaci\u00f3ns do Mazo de Santa Comba e o Centro de Interpretaci\u00f3n Terras do Mi\u00f1o, co fin de realizar un traballo fotogr\u00e1fico e audiovisual que &#8230;<\/p>\n","protected":false},"author":2,"featured_media":11172,"comment_status":"closed","ping_status":"open","sticky":false,"template":"","format":"standard","meta":{"_eb_attr":"","footnotes":""},"categories":[119],"tags":[],"class_list":["post-12675","post","type-post","status-publish","format-standard","has-post-thumbnail","hentry","category-reserva-de-la-biosfera"],"_links":{"self":[{"href":"https:\/\/terrasdomino.deputacionlugo.org\/es\/wp-json\/wp\/v2\/posts\/12675","targetHints":{"allow":["GET"]}}],"collection":[{"href":"https:\/\/terrasdomino.deputacionlugo.org\/es\/wp-json\/wp\/v2\/posts"}],"about":[{"href":"https:\/\/terrasdomino.deputacionlugo.org\/es\/wp-json\/wp\/v2\/types\/post"}],"author":[{"embeddable":true,"href":"https:\/\/terrasdomino.deputacionlugo.org\/es\/wp-json\/wp\/v2\/users\/2"}],"replies":[{"embeddable":true,"href":"https:\/\/terrasdomino.deputacionlugo.org\/es\/wp-json\/wp\/v2\/comments?post=12675"}],"version-history":[{"count":1,"href":"https:\/\/terrasdomino.deputacionlugo.org\/es\/wp-json\/wp\/v2\/posts\/12675\/revisions"}],"predecessor-version":[{"id":12676,"href":"https:\/\/terrasdomino.deputacionlugo.org\/es\/wp-json\/wp\/v2\/posts\/12675\/revisions\/12676"}],"wp:featuredmedia":[{"embeddable":true,"href":"https:\/\/terrasdomino.deputacionlugo.org\/es\/wp-json\/wp\/v2\/media\/11172"}],"wp:attachment":[{"href":"https:\/\/terrasdomino.deputacionlugo.org\/es\/wp-json\/wp\/v2\/media?parent=12675"}],"wp:term":[{"taxonomy":"category","embeddable":true,"href":"https:\/\/terrasdomino.deputacionlugo.org\/es\/wp-json\/wp\/v2\/categories?post=12675"},{"taxonomy":"post_tag","embeddable":true,"href":"https:\/\/terrasdomino.deputacionlugo.org\/es\/wp-json\/wp\/v2\/tags?post=12675"}],"curies":[{"name":"wp","href":"https:\/\/api.w.org\/{rel}","templated":true}]}}