{"id":12723,"date":"2019-03-15T00:00:00","date_gmt":"2019-03-15T00:00:00","guid":{"rendered":"https:\/\/terrasdomino.deputacionlugo.org\/?p=12723"},"modified":"2023-09-28T09:37:01","modified_gmt":"2023-09-28T09:37:01","slug":"contratada-a-remodelacion-dos-hortos-do-rato-e-paradai-na-reserva-da-biosfera-terras-do-mino","status":"publish","type":"post","link":"https:\/\/terrasdomino.deputacionlugo.org\/es\/contratada-a-remodelacion-dos-hortos-do-rato-e-paradai-na-reserva-da-biosfera-terras-do-mino\/","title":{"rendered":"Contratada a remodelaci\u00f3n dos hortos do Rato e Paradai na Reserva da Biosfera Terras do Mi\u00f1o"},"content":{"rendered":"<p>O Executivo da Deputaci\u00f3n aprobou en Xunta de Goberno a contrataci\u00f3n dos traballos de remodelaci\u00f3n integral dos hortos p\u00fablicos do Rato e Paradai, que permitir\u00e1 ofrecer 175 novos espazos accesibles, con m\u00e1is servizos e nos que se promover\u00e1n pr\u00e1cticas agroecol\u00f3xicas. Os hortos ter\u00e1n novos peches, sistema de rego ou compostaxe. Ter\u00e1n o mesmo tama\u00f1o e peches para respectar unha mesma li\u00f1a paisax\u00edstica. O proxecto incl\u00fae traballos de poda, mellora de accesos, dotaci\u00f3n de zonas de cultivo espec\u00edficas para escolares e persoas con mobilidade m\u00e1is reducida, espazo de lecer&#8230; As obras contan cun orzamento de 78.000 euros. Comezar\u00e1n en abril. O prazo de execuci\u00f3n \u00e9 de 2 meses.<\/p>\n<p>Os usuarios poder\u00e1n cultivar plantas do pa\u00eds, que distribuir\u00e1 a Deputaci\u00f3n, como son tomates, pementos, leitugas, allos, xud\u00edas, cabaci\u00f1as, cabazas&#8230; Ademais, da propia remodelaci\u00f3n dos hortos,<\/p>\n<p>Actuaci\u00f3ns a realizar nos hortos<br \/>\nO proxecto contratado , que leva o nome de Os agros do Rato, implica en primeiro lugar retirar os peches existentes, o acondicionamento do solo e traballos de delimitaci\u00f3n. As seguintes actuaci\u00f3ns que se far\u00e1n son:<br \/>\n1. Ampliaci\u00f3n do n\u00famero de hortos, pasando dos 150 aos 175. Increm\u00e9ntase o seu n\u00famero no r\u00edo Rato, chegando aos 150; e mant\u00e9\u00f1ense en Paradai, onde hai 25.<br \/>\n2. Espazos uniformes: cada horto ser\u00e1 de 30 metros cadrados. 1 horto por familia e para agricultura ecol\u00f3xica, tal e como recolle o regulamento de boas pr\u00e1cticas.<br \/>\n3. Sistema de rego. Cada horto ter\u00e1 acceso \u00e1 auga incluso con rega por goteo.<br \/>\n4. Impulso da composter\u00eda. Cada horto ter\u00e1 compostoiros para poder realizar traballos de auto abastecemento e actividades de formaci\u00f3n neste eido.<br \/>\n5. Peches de madeira: realizaranse cerramentos perimetrais mediante madeira.<br \/>\n6. Melloras no firme dos hortos e nos accesos aos mesmos.<br \/>\n7. Habilitaranse zonas de cultivo espec\u00edficas para escolares e para persoa con mobilidade m\u00e1is reducida.<br \/>\n8. Dotaci\u00f3n dunha zona de ocio con mesas e bancos e paneis informativos.<br \/>\n9. Poda. Executaranse traballos de mellora silv\u00edcola podando ou retirando \u00e1rbores de grande envergadura, que dificultan a produci\u00f3n.<\/p>\n<p>Acceso p\u00fablico aos hortos<br \/>\nExecutado este proxecto, abrirase un proceso de selecci\u00f3n no que todos os interesados poder\u00e1n facer a s\u00faa solicitude. A concesi\u00f3n farase a trav\u00e9s dun sorteo p\u00fablico. Por familia, s\u00f3 pode haber un \u00fanico beneficiado. Gar\u00e1nteselle aos actuais usuarios un espazo se as\u00ed o desexan. Todo isto se recolle no regulamento de boas pr\u00e1cticas que elaborou o Goberno da Deputaci\u00f3n coa participaci\u00f3n dos veci\u00f1os, pois para elo creou un Consello de Hortos, involucrando aos usuarios neste proceso de mellora destes espazos p\u00fablicos en todos os eidos. Tras varias reuni\u00f3ns e definir o regulamento, este foi aprobado polo Pleno.<\/p>\n<p>Consello dos hortos<br \/>\nOutra das acci\u00f3ns postas en marcha foi a creaci\u00f3n do Consello dos hortos, totalmente participativo. Tr\u00e1tase dun grupo de traballo no que se incl\u00faen representantes da Deputaci\u00f3n e, por suposto, representantes dos beneficiarios dos hortos, co fin de inclu\u00edr e atender as necesidades e facelos part\u00edcipes. Est\u00e1n inclu\u00eddos o Presidente da Deputaci\u00f3n, un funcionario da \u00e1rea de medio ambiente, d\u00faas vogais en representaci\u00f3n dos usuarios e o t\u00e9cnico responsable dos hortos.<\/p>\n<p>Regulamento de boas pr\u00e1cticas<br \/>\nCo fin de regular o uso dos hortos, elaborouse un regulamento de boas pr\u00e1cticas no que se introduciron as petici\u00f3ns dos usuarios, que son os que mellor co\u00f1ecen as necesidades destes espazos p\u00fablicos. Nel cont\u00e9mplanse aspectos como o modelo de solicitude, dereito e deberes dos usuarios dos hortos, duraci\u00f3n do contrato e as prohibici\u00f3ns, entre outros. Logo de ter resolta a empresa adxudicataria, manteranse encontros cos usuarios para rematar o texto.<br \/>\nActividades formativas para os usuarios<br \/>\nCo fin de mellorar a formaci\u00f3n dos usuarios dos hortos, a Deputaci\u00f3n dese\u00f1ou unha programaci\u00f3n de sesi\u00f3ns informativas dirixidas a formar en agroecolox\u00eda aos usuarios dos hortos. Son un total de 5 faladoiros enfocados a dotar aos veci\u00f1os de novos co\u00f1ecementos relacionados co abonado org\u00e1nico, a planificaci\u00f3n do horto ou o tratamento preventivo e ecol\u00f3xico de pragas, mostras do solo, mecanizado de parcelas, e identificaci\u00f3n de plagas ou o uso da auga de rega. Fom\u00e9ntase tam\u00e9n medidas de desenvolvemento sostible, boas pr\u00e1cticas agrarias, ou alimentaci\u00f3n e h\u00e1bitos de vida saudables.<\/p>\n","protected":false},"excerpt":{"rendered":"<p>O Executivo da Deputaci\u00f3n aprobou en Xunta de Goberno a contrataci\u00f3n dos traballos de remodelaci\u00f3n integral dos hortos p\u00fablicos do Rato e Paradai, que permitir\u00e1 ofrecer 175 novos espazos accesibles, con m\u00e1is servizos e nos que se promover\u00e1n pr\u00e1cticas agroecol\u00f3xicas. Os hortos ter\u00e1n novos peches, sistema de rego ou compostaxe. Ter\u00e1n o mesmo tama\u00f1o e &#8230;<\/p>\n","protected":false},"author":2,"featured_media":11135,"comment_status":"closed","ping_status":"open","sticky":false,"template":"","format":"standard","meta":{"_eb_attr":"","footnotes":""},"categories":[119],"tags":[],"class_list":["post-12723","post","type-post","status-publish","format-standard","has-post-thumbnail","hentry","category-reserva-de-la-biosfera"],"_links":{"self":[{"href":"https:\/\/terrasdomino.deputacionlugo.org\/es\/wp-json\/wp\/v2\/posts\/12723","targetHints":{"allow":["GET"]}}],"collection":[{"href":"https:\/\/terrasdomino.deputacionlugo.org\/es\/wp-json\/wp\/v2\/posts"}],"about":[{"href":"https:\/\/terrasdomino.deputacionlugo.org\/es\/wp-json\/wp\/v2\/types\/post"}],"author":[{"embeddable":true,"href":"https:\/\/terrasdomino.deputacionlugo.org\/es\/wp-json\/wp\/v2\/users\/2"}],"replies":[{"embeddable":true,"href":"https:\/\/terrasdomino.deputacionlugo.org\/es\/wp-json\/wp\/v2\/comments?post=12723"}],"version-history":[{"count":2,"href":"https:\/\/terrasdomino.deputacionlugo.org\/es\/wp-json\/wp\/v2\/posts\/12723\/revisions"}],"predecessor-version":[{"id":12725,"href":"https:\/\/terrasdomino.deputacionlugo.org\/es\/wp-json\/wp\/v2\/posts\/12723\/revisions\/12725"}],"wp:featuredmedia":[{"embeddable":true,"href":"https:\/\/terrasdomino.deputacionlugo.org\/es\/wp-json\/wp\/v2\/media\/11135"}],"wp:attachment":[{"href":"https:\/\/terrasdomino.deputacionlugo.org\/es\/wp-json\/wp\/v2\/media?parent=12723"}],"wp:term":[{"taxonomy":"category","embeddable":true,"href":"https:\/\/terrasdomino.deputacionlugo.org\/es\/wp-json\/wp\/v2\/categories?post=12723"},{"taxonomy":"post_tag","embeddable":true,"href":"https:\/\/terrasdomino.deputacionlugo.org\/es\/wp-json\/wp\/v2\/tags?post=12723"}],"curies":[{"name":"wp","href":"https:\/\/api.w.org\/{rel}","templated":true}]}}