{"id":12744,"date":"2019-05-10T00:00:00","date_gmt":"2019-05-10T00:00:00","guid":{"rendered":"https:\/\/terrasdomino.deputacionlugo.org\/?p=12744"},"modified":"2023-09-28T10:00:42","modified_gmt":"2023-09-28T10:00:42","slug":"a-reserva-da-biosfera-terras-do-mino-amosase-en-expovacaciones-o-encontro-internacional-coa-maior-oferta-turistica-do-norte-do-estado","status":"publish","type":"post","link":"https:\/\/terrasdomino.deputacionlugo.org\/es\/a-reserva-da-biosfera-terras-do-mino-amosase-en-expovacaciones-o-encontro-internacional-coa-maior-oferta-turistica-do-norte-do-estado\/","title":{"rendered":"A Reserva da Biosfera Terras do Mi\u00f1o am\u00f3sase en Expovacaciones, o encontro internacional coa maior oferta tur\u00edstica do norte do Estado"},"content":{"rendered":"<p>O Deputado de Turismo, Eduardo Vidal Baamonde, asistiu \u00e1 40\u00aa Feria Internacional de Turismo e Tiempo Libre Expovacaciones que, do 10 ao 12 de maio, ter\u00e1 lugar no Bilbao Exhibition Centre de Barakaldo e no que a Deputaci\u00f3n ten presenza cun stand propio para a promoci\u00f3n tur\u00edstica da provincia.<\/p>\n<p>Vidal Baamonde subli\u00f1ou que \u201cExpovacaciones \u00e9 o escaparate tur\u00edstico m\u00e1is importante do norte peninsular, id\u00f3neo para captar visitantes para a provincia de Lugo. Desde o stand propio da Deputaci\u00f3n, promovemos a imaxe da provincia de Lugo como destino de excelencia gastron\u00f3mica e de natureza onde se poden vivir experiencias \u00fanicas e in\u00e9ditas\u201d.<\/p>\n<p>A Feira Expovacaciones amosa alternativas innovadoras e as tendencias m\u00e1is interesantes en rutas e destinos tur\u00edsticos nacionais e internacionais, as\u00ed como innovadoras alternativas de ocio e tempo libre. Este ano, como novidade a feira incorpora un novo concepto baseado no deporte, a gastronom\u00eda e a aventura para que os viaxeiros poidan elixir destinos segundo as actividades, excelencias gastron\u00f3micas do territorio ou nas vivencias desco\u00f1ecidas.<\/p>\n<p>Durante os tres d\u00edas que dura o evento, no stand propio da Deputaci\u00f3n proxectarase o novo spot promocional Lugo In\u00e9dito da campa\u00f1a tur\u00edstica da provincia Lugo Cambia. Este v\u00eddeo, editado en 7 idiomas, amosa unha selecci\u00f3n de lugares de interese tur\u00edstico que te\u00f1en o privilexio de poder etiquetarse como \u00fanicos no mundo.<\/p>\n<p>A Deputaci\u00f3n tam\u00e9n por\u00e1 a disposici\u00f3n dos visitantes os cinco novos folletos promocionais dos 4 xeodestinos da provincia de Lugo (A Mari\u00f1a Lucense, Ribeira Sacra, Ancares Courel e Terra Ch\u00e1), outro especial dedicado \u00e1 gastronom\u00eda lucense, as\u00ed como das Reservas da Biosfera Terras do Mi\u00f1o e Os Ancares Lucenses.<\/p>\n<p>No marco deste encontro, as comunidades do Pa\u00eds Vasco, Cantabria, Asturias e Galicia conmemoran o 30 aniversario de Green Spain, a s\u00faa uni\u00f3n para promover os seus destinos no eido tur\u00edstico, cultural e de espazos naturais. Esta alianza conta este ano cun novo recurso tur\u00edstico natural na provincia de Lugo, as monta\u00f1as do Courel e Ancares, primeiro Xeoparque Mundial do Noroeste Peninsular.<\/p>\n","protected":false},"excerpt":{"rendered":"<p>O Deputado de Turismo, Eduardo Vidal Baamonde, asistiu \u00e1 40\u00aa Feria Internacional de Turismo e Tiempo Libre Expovacaciones que, do 10 ao 12 de maio, ter\u00e1 lugar no Bilbao Exhibition Centre de Barakaldo e no que a Deputaci\u00f3n ten presenza cun stand propio para a promoci\u00f3n tur\u00edstica da provincia. Vidal Baamonde subli\u00f1ou que \u201cExpovacaciones \u00e9 &#8230;<\/p>\n","protected":false},"author":2,"featured_media":11105,"comment_status":"closed","ping_status":"open","sticky":false,"template":"","format":"standard","meta":{"_eb_attr":"","footnotes":""},"categories":[117],"tags":[],"class_list":["post-12744","post","type-post","status-publish","format-standard","has-post-thumbnail","hentry","category-diputacion-lugo"],"_links":{"self":[{"href":"https:\/\/terrasdomino.deputacionlugo.org\/es\/wp-json\/wp\/v2\/posts\/12744","targetHints":{"allow":["GET"]}}],"collection":[{"href":"https:\/\/terrasdomino.deputacionlugo.org\/es\/wp-json\/wp\/v2\/posts"}],"about":[{"href":"https:\/\/terrasdomino.deputacionlugo.org\/es\/wp-json\/wp\/v2\/types\/post"}],"author":[{"embeddable":true,"href":"https:\/\/terrasdomino.deputacionlugo.org\/es\/wp-json\/wp\/v2\/users\/2"}],"replies":[{"embeddable":true,"href":"https:\/\/terrasdomino.deputacionlugo.org\/es\/wp-json\/wp\/v2\/comments?post=12744"}],"version-history":[{"count":1,"href":"https:\/\/terrasdomino.deputacionlugo.org\/es\/wp-json\/wp\/v2\/posts\/12744\/revisions"}],"predecessor-version":[{"id":12745,"href":"https:\/\/terrasdomino.deputacionlugo.org\/es\/wp-json\/wp\/v2\/posts\/12744\/revisions\/12745"}],"wp:featuredmedia":[{"embeddable":true,"href":"https:\/\/terrasdomino.deputacionlugo.org\/es\/wp-json\/wp\/v2\/media\/11105"}],"wp:attachment":[{"href":"https:\/\/terrasdomino.deputacionlugo.org\/es\/wp-json\/wp\/v2\/media?parent=12744"}],"wp:term":[{"taxonomy":"category","embeddable":true,"href":"https:\/\/terrasdomino.deputacionlugo.org\/es\/wp-json\/wp\/v2\/categories?post=12744"},{"taxonomy":"post_tag","embeddable":true,"href":"https:\/\/terrasdomino.deputacionlugo.org\/es\/wp-json\/wp\/v2\/tags?post=12744"}],"curies":[{"name":"wp","href":"https:\/\/api.w.org\/{rel}","templated":true}]}}