{"id":12756,"date":"2019-06-25T00:00:00","date_gmt":"2019-06-25T00:00:00","guid":{"rendered":"https:\/\/terrasdomino.deputacionlugo.org\/?p=12756"},"modified":"2023-09-28T10:03:45","modified_gmt":"2023-09-28T10:03:45","slug":"275-persoas-participaran-gratis-nas-actividades-de-veran-das-reservas-da-biosfera-terras-do-mino-e-os-ancares-lucenses","status":"publish","type":"post","link":"https:\/\/terrasdomino.deputacionlugo.org\/es\/275-persoas-participaran-gratis-nas-actividades-de-veran-das-reservas-da-biosfera-terras-do-mino-e-os-ancares-lucenses\/","title":{"rendered":"275 persoas participar\u00e1n gratis nas Actividades de Ver\u00e1n das Reservas da Biosfera Terras do Mi\u00f1o e Os Ancares Lucenses"},"content":{"rendered":"<p>O Vicepresidente e Deputado de Medio Ambiente en funci\u00f3ns, Argelio Fern\u00e1ndez Queipo, presentou este martes a nova programaci\u00f3n das Actividades de Ver\u00e1n da Reserva da Biosfera Terras do Mi\u00f1o, que se celebrar\u00e1n durante os pr\u00f3ximos meses na Reserva da Biosfera Ancares Lucenses e no Centro de Interpretaci\u00f3n Terras do Mi\u00f1o. A programaci\u00f3n incl\u00fae cursos de fotograf\u00eda, micolox\u00eda, coidado de plantas ou campamentos infant\u00eds, entre outros.<\/p>\n<p>Fern\u00e1ndez Queipo sinalou que \u201co prazo para inscribirse as actividades ofertadas estar\u00e1 aberto a partir de hoxe. En total hai 275 prazas para 14 actividades diferentes, que se distribuir\u00e1n entre o Centro de Interpretaci\u00f3n Terras do Mi\u00f1o e os concellos de Cervantes, Becerre\u00e1 e Navia de Suarna. A programaci\u00f3n est\u00e1 dividida en varios grupos segundo as distintas idades dos participantes: actividades para familias, para o p\u00fablico infantil e para adultos\u201d.<\/p>\n<p>As persoas interesadas en participar nalgunha das actividades programadas deber\u00e1n reservar a s\u00faa praza na p\u00e1xina web www.deputacionlugo.gal ou en https:\/\/cursos.deputacionlugo.org\/terrasmino_rato\/; a trav\u00e9s do correo electr\u00f3nico und.medioambiente@deputacion.org e poden tam\u00e9n chamar ao tel\u00e9fono 982 227 813 para obter m\u00e1is informaci\u00f3n. As inscrici\u00f3ns faranse por rigorosa orde de inscrici\u00f3n, ata cubrir as prazas ofertadas.<\/p>\n<p>Programaci\u00f3n Actividades Terras do Mi\u00f1o<\/p>\n<p>O calendario das actividades ambientais programadas para os vindeiros meses \u00e9 o seguinte. Todas as sesi\u00f3ns celebraranse no Centro de Interpretaci\u00f3n Terras do Mi\u00f1o, ag\u00e1s indicaci\u00f3n contraria.<\/p>\n<p>Actividades para adultos<br \/>\nSetembro<br \/>\n21 de setembro.- A Angu\u00eda no Rio Mi\u00f1o, Etnograf\u00eda e Gastronom\u00eda. De 10:00 a 14:00 horas. 20 prazas.<\/p>\n<p>26 de setembro.- Obradoiro de identificaci\u00f3n de cogomelos. De 19:30 a 21:30 horas. 20 prazas.<\/p>\n<p>28 e 29 de setembro.- Curso de iniciaci\u00f3n a fotograf\u00eda Cores da natureza do outono. S\u00e1bado de 10:00 a 14:00 horas e de 16:00 a 21:00 horas. Domingo de 11:30 a 14:30 horas. 15 prazas.<\/p>\n<p>Actividades para familias<br \/>\nSetembro<br \/>\n14 de setembro.- Demostraci\u00f3n do proceso do li\u00f1o. De 10:00 a 14:00 horas. 20 prazas.<\/p>\n<p>Actividades infant\u00eds<br \/>\nXullo<br \/>\n1,2,3,4 e 5 de xullo.- Campamento de ver\u00e1n: fauna e flora da reserva da biosfera Terras do Mi\u00f1o. De 10:00 a 14:00 horas. 20 prazas.<\/p>\n<p>8,9,10,11 e 12 de xullo.- Curso de fotograf\u00eda para nenos Paisaxe e natureza, instant\u00e1neas do ver\u00e1n. De 10:00 a 14:00 horas. 15 prazas (8 a 12 anos).<\/p>\n<p>2,3,4,5 e 6 de setembro.- Curso de aprendizaxe sobre reciclaxe e residuos. De 10:00 a 14:00 horas. 20 prazas (7 a 12 anos).<br \/>\n7 de setembro.- Unha viaxe pola historia dos mu\u00ed\u00f1os. De 10:00 a 14:00 horas. 20 prazas (7 a 12 anos). Celebrarase no Mazo de Santa Comba.<br \/>\nProgramaci\u00f3n de actividades nos Ancares Lucenses<br \/>\nO calendario para os vindeiros meses na Reserva da Biosfera Ancares Lucenses \u00e9 o seguinte.<\/p>\n<p>BECERREA:<br \/>\nActividades para adultos<br \/>\n30 de setembro,- Plantas Medicinais. De 16:00 a 20:00 horas. 20 prazas. Celebrarase no Centro Social de Becerre\u00e1.<\/p>\n<p>Actividades infant\u00eds<br \/>\n21 de setembro.- Os secretos das estrelas. De 22:00 a 10:00 horas. 20 prazas (7 a 12 anos). Celebrarse no Centro Social de Becerre\u00e1.<\/p>\n<p>CERVANTES:<br \/>\nActividades para adultos<br \/>\n28 de setembro.- Cursos sobre compostaxe. De 16:00 a 20:00 horas. 20 prazas. Celebrarase no Local de Asociaci\u00f3n Cultural O Teixeiro.<\/p>\n<p>Actividades infant\u00eds<br \/>\n26 de setembro.- Astronom\u00eda e iniciaci\u00f3n \u00e1 fotograf\u00eda nocturna. De 19:00 a 00:30 horas. 25 prazas(5 a 15 anos). Celebrarase no CPI de Cervantes.<\/p>\n<p>NAVIA DE SUARNA:<br \/>\nActividades para adultos<br \/>\n19 de setembro.- Obradoiro de pasta. De 16:00 a 20:00 horas. 20 prazas. Celebrarase na Escola de Barcia.<\/p>\n<p>5,6,7,8 e 9 de agosto.- Campamento para nenos. De 10:00 a 14:00 horas. 20 prazas (4 a 12 anos). Celebrarase na Escola de Barcia.<\/p>\n","protected":false},"excerpt":{"rendered":"<p>O Vicepresidente e Deputado de Medio Ambiente en funci\u00f3ns, Argelio Fern\u00e1ndez Queipo, presentou este martes a nova programaci\u00f3n das Actividades de Ver\u00e1n da Reserva da Biosfera Terras do Mi\u00f1o, que se celebrar\u00e1n durante os pr\u00f3ximos meses na Reserva da Biosfera Ancares Lucenses e no Centro de Interpretaci\u00f3n Terras do Mi\u00f1o. A programaci\u00f3n incl\u00fae cursos de &#8230;<\/p>\n","protected":false},"author":2,"featured_media":11081,"comment_status":"closed","ping_status":"open","sticky":false,"template":"","format":"standard","meta":{"_eb_attr":"","footnotes":""},"categories":[119],"tags":[],"class_list":["post-12756","post","type-post","status-publish","format-standard","has-post-thumbnail","hentry","category-reserva-de-la-biosfera"],"_links":{"self":[{"href":"https:\/\/terrasdomino.deputacionlugo.org\/es\/wp-json\/wp\/v2\/posts\/12756","targetHints":{"allow":["GET"]}}],"collection":[{"href":"https:\/\/terrasdomino.deputacionlugo.org\/es\/wp-json\/wp\/v2\/posts"}],"about":[{"href":"https:\/\/terrasdomino.deputacionlugo.org\/es\/wp-json\/wp\/v2\/types\/post"}],"author":[{"embeddable":true,"href":"https:\/\/terrasdomino.deputacionlugo.org\/es\/wp-json\/wp\/v2\/users\/2"}],"replies":[{"embeddable":true,"href":"https:\/\/terrasdomino.deputacionlugo.org\/es\/wp-json\/wp\/v2\/comments?post=12756"}],"version-history":[{"count":1,"href":"https:\/\/terrasdomino.deputacionlugo.org\/es\/wp-json\/wp\/v2\/posts\/12756\/revisions"}],"predecessor-version":[{"id":12757,"href":"https:\/\/terrasdomino.deputacionlugo.org\/es\/wp-json\/wp\/v2\/posts\/12756\/revisions\/12757"}],"wp:featuredmedia":[{"embeddable":true,"href":"https:\/\/terrasdomino.deputacionlugo.org\/es\/wp-json\/wp\/v2\/media\/11081"}],"wp:attachment":[{"href":"https:\/\/terrasdomino.deputacionlugo.org\/es\/wp-json\/wp\/v2\/media?parent=12756"}],"wp:term":[{"taxonomy":"category","embeddable":true,"href":"https:\/\/terrasdomino.deputacionlugo.org\/es\/wp-json\/wp\/v2\/categories?post=12756"},{"taxonomy":"post_tag","embeddable":true,"href":"https:\/\/terrasdomino.deputacionlugo.org\/es\/wp-json\/wp\/v2\/tags?post=12756"}],"curies":[{"name":"wp","href":"https:\/\/api.w.org\/{rel}","templated":true}]}}