{"id":12768,"date":"2019-12-20T00:00:00","date_gmt":"2019-12-20T00:00:00","guid":{"rendered":"https:\/\/terrasdomino.deputacionlugo.org\/?p=12768"},"modified":"2023-09-28T10:06:48","modified_gmt":"2023-09-28T10:06:48","slug":"a-deputacion-ofrece-no-primeiro-trimestre-do-ano-14-novas-actividades-de-educacion-ambiental-gratuitas-con-300-prazas","status":"publish","type":"post","link":"https:\/\/terrasdomino.deputacionlugo.org\/es\/a-deputacion-ofrece-no-primeiro-trimestre-do-ano-14-novas-actividades-de-educacion-ambiental-gratuitas-con-300-prazas\/","title":{"rendered":"A Deputaci\u00f3n ofrece no primeiro trimestre do ano 14 novas actividades de educaci\u00f3n ambiental gratu\u00edtas con 300 prazas"},"content":{"rendered":"<p>A Deputaci\u00f3n de Lugo impulsa novas actividades de educaci\u00f3n ambiental no primeiro trimestre do ano para difundir a reserva da biosfera Terras do Mi\u00f1o. Entre os meses de xaneiro e marzo, o Centro de Interpretaci\u00f3n Terras do Mi\u00f1o, o Centro de Interpretaci\u00f3n da Lagoa de Cospeito e o parque Rosal\u00eda de Castro de Lugo acoller\u00e1n 14 actividades gratu\u00edtas con 300 prazas, entre elas, xornadas sobre consumo responsable, a calidade de augas e incendios, paseos guiados e coci\u00f1a creativa, ademais de obradoiros de Entroido.<\/p>\n<p>O prazo de inscrici\u00f3n para cada curso abrirase unha semana antes da realizaci\u00f3n do mesmo. A programaci\u00f3n est\u00e1 dividida en varios grupos segundo as distintas idades dos participantes: actividades para familias, para o p\u00fablico infantil e para adultos.<\/p>\n<p>As persoas interesadas en participar nalgunha das actividades programadas deber\u00e1n reservar a s\u00faa praza na p\u00e1xina web www.deputacionlugo.gal ou en inscricions.deputacionlugo.org;a trav\u00e9s do correo electr\u00f3nico und.medioambiente@deputacion.org Poden tam\u00e9n chamar ao tel\u00e9fono 982.30.59.30 para obter m\u00e1is informaci\u00f3n.As inscrici\u00f3ns faranse por rigorosa orde de inscrici\u00f3n, ata cubrir as prazas ofertadas.<\/p>\n<p>A programaci\u00f3n<br \/>\nO calendario das actividades ambientais programadas para os vindeiros meses \u00e9 o seguinte. Todas as sesi\u00f3ns celebraranse no Centro de Interpretaci\u00f3n Terras do Mi\u00f1o, ag\u00e1s indicaci\u00f3n contraria.<\/p>\n<p>&#8211; Actividades para adultos<br \/>\nXaneiro<br \/>\n11 de xaneiro \u2013Plantas silvestres comestibles.De 10:00 a 14:00 horas. 20 prazas.<\/p>\n<p>25 de xaneiro \u2013Ung\u00fcentos e pomadas con plantas silvestres . Horario de 10:00 a 14:00 horas. 25 prazas.<\/p>\n<p>Febreiro<br \/>\n1 de febreiro \u2013Conservas artesanais de verduras. Horario de 10:00 a 14:00 horas. 20 prazas.<\/p>\n<p>22 de febreiro \u2013Produci\u00f3n e cultivo de plantas ornamentais . Horario de 10:00 a 14:00 horas. 20 prazas.<\/p>\n<p>Marzo<br \/>\n21 de marzo \u2013Equinocio de primavera: a eclosi\u00f3n da naturaliza nas tarefas agr\u00edcolas Horario de 10:00 a 14:00 horas. 20 prazas.<\/p>\n<p>28 de marzo \u2013Xornada introduci\u00f3n \u00e1s boas pr\u00e1cticas en fruticultura, o enxerto. Horario de 10:00 a 14:00 horas. 20 prazas.<\/p>\n<p>&#8211; Actividades para familias<br \/>\nXaneiro<br \/>\n18 de xaneiro \u2013Consumo responsable e actividades tradicionais. Horario de 10:00 a 14:00 horas. 20 prazas.<\/p>\n<p>Febreiro<br \/>\n29 de febreiro \u2013Calidade de augas e incendios.Horario de 10:00 a 14:00 horas. 20 prazas.<\/p>\n<p>&#8211; Actividades infant\u00eds<br \/>\nXaneiro<br \/>\n2,3 e 4 de xaneiro &#8211; Inverno no centro de interpretaci\u00f3n. Horario de 10:00 a 14:00 horas. 20 prazas (6 a 13 anos).<\/p>\n<p>Febreiro<br \/>\n24 e 26 de febreiro \u2013 Entroido no centro de interpretaci\u00f3n. Horario de 10:00 a 14:00 horas. 25 prazas (5 a 14 anos).<\/p>\n<p>Centro de Interpretaci\u00f3n da Lagoa de Cospeito<br \/>\nO calendario das actividades ambientais programadas para os vindeiros meses \u00e9 o seguinte. Todas as sesi\u00f3ns celebraranse no Centro de Interpretaci\u00f3n da Lagoa de Cospeito, ag\u00e1s indicaci\u00f3n contraria.<\/p>\n<p>&#8211; Actividades para familias<br \/>\nFebreiro<br \/>\n15 de febreiro \u2013 Paisaxes sonoras da reserva: lagoas e campi\u00f1a invernais. Horario de 10:00 a 14:00. 20 prazas.<\/p>\n<p>Marzo<br \/>\n7 de marzo \u2013 Entre flores: o cuco manso e outros narcisos. Horario de 10:00 a 14:00. 20 prazas.<\/p>\n<p>Parque Rosal\u00eda de Castro<br \/>\nO calendario das actividades ambientais programadas para os vindeiros meses \u00e9 o seguinte. Todas as sesi\u00f3ns celebraranse no Parque Rosal\u00eda de Castro, ag\u00e1s indicaci\u00f3n contraria.<\/p>\n<p>&#8211; Actividades para familias<\/p>\n<p>Febreiro<br \/>\n8 de febreiro \u2013 Paseo guiado: os mundos do Mi\u00f1o. Horario de 10:00 a 13:00. 30 prazas.<\/p>\n","protected":false},"excerpt":{"rendered":"<p>A Deputaci\u00f3n de Lugo impulsa novas actividades de educaci\u00f3n ambiental no primeiro trimestre do ano para difundir a reserva da biosfera Terras do Mi\u00f1o. Entre os meses de xaneiro e marzo, o Centro de Interpretaci\u00f3n Terras do Mi\u00f1o, o Centro de Interpretaci\u00f3n da Lagoa de Cospeito e o parque Rosal\u00eda de Castro de Lugo acoller\u00e1n &#8230;<\/p>\n","protected":false},"author":2,"featured_media":11254,"comment_status":"closed","ping_status":"open","sticky":false,"template":"","format":"standard","meta":{"_eb_attr":"","footnotes":""},"categories":[114],"tags":[],"class_list":["post-12768","post","type-post","status-publish","format-standard","has-post-thumbnail","hentry","category-c-i-terras-do-mino-es"],"_links":{"self":[{"href":"https:\/\/terrasdomino.deputacionlugo.org\/es\/wp-json\/wp\/v2\/posts\/12768","targetHints":{"allow":["GET"]}}],"collection":[{"href":"https:\/\/terrasdomino.deputacionlugo.org\/es\/wp-json\/wp\/v2\/posts"}],"about":[{"href":"https:\/\/terrasdomino.deputacionlugo.org\/es\/wp-json\/wp\/v2\/types\/post"}],"author":[{"embeddable":true,"href":"https:\/\/terrasdomino.deputacionlugo.org\/es\/wp-json\/wp\/v2\/users\/2"}],"replies":[{"embeddable":true,"href":"https:\/\/terrasdomino.deputacionlugo.org\/es\/wp-json\/wp\/v2\/comments?post=12768"}],"version-history":[{"count":1,"href":"https:\/\/terrasdomino.deputacionlugo.org\/es\/wp-json\/wp\/v2\/posts\/12768\/revisions"}],"predecessor-version":[{"id":12769,"href":"https:\/\/terrasdomino.deputacionlugo.org\/es\/wp-json\/wp\/v2\/posts\/12768\/revisions\/12769"}],"wp:featuredmedia":[{"embeddable":true,"href":"https:\/\/terrasdomino.deputacionlugo.org\/es\/wp-json\/wp\/v2\/media\/11254"}],"wp:attachment":[{"href":"https:\/\/terrasdomino.deputacionlugo.org\/es\/wp-json\/wp\/v2\/media?parent=12768"}],"wp:term":[{"taxonomy":"category","embeddable":true,"href":"https:\/\/terrasdomino.deputacionlugo.org\/es\/wp-json\/wp\/v2\/categories?post=12768"},{"taxonomy":"post_tag","embeddable":true,"href":"https:\/\/terrasdomino.deputacionlugo.org\/es\/wp-json\/wp\/v2\/tags?post=12768"}],"curies":[{"name":"wp","href":"https:\/\/api.w.org\/{rel}","templated":true}]}}