{"id":12770,"date":"2020-01-02T00:00:00","date_gmt":"2020-01-02T00:00:00","guid":{"rendered":"https:\/\/terrasdomino.deputacionlugo.org\/?p=12770"},"modified":"2023-09-28T10:07:18","modified_gmt":"2023-09-28T10:07:18","slug":"reciclaxe-e-diversion-protagonistas-na-primeira-xornada-de-actividades-deste-ano-en-terras-do-mino","status":"publish","type":"post","link":"https:\/\/terrasdomino.deputacionlugo.org\/es\/reciclaxe-e-diversion-protagonistas-na-primeira-xornada-de-actividades-deste-ano-en-terras-do-mino\/","title":{"rendered":"Reciclaxe e diversi\u00f3n, protagonistas na primeira xornada de actividades deste ano en Terras do Mi\u00f1o"},"content":{"rendered":"<p>Este m\u00e9rcores deu comezo o programa de actividades de educaci\u00f3n ambiental sobre a reserva da biosfera Terras do Mi\u00f1o organizado pola Deputaci\u00f3n de Lugo para o primeiro trimestre do ano cun obradoiro infantil de Nadal no Centro de Interpretaci\u00f3n Terras do Mi\u00f1o que se prolongar\u00e1 ata o s\u00e1bado. Os nenos e nenas participantes desenvolven actividades que promoven a reciclaxe e o coidado do medio. Entre outras tarefas, elaboraron coroas reais, escrib\u00edronlles as cartas \u00e1s s\u00faas Maxestades e fixeron centros de mesa para o d\u00eda de Reis, todo con material reciclado.<\/p>\n","protected":false},"excerpt":{"rendered":"<p>Este m\u00e9rcores deu comezo o programa de actividades de educaci\u00f3n ambiental sobre a reserva da biosfera Terras do Mi\u00f1o organizado pola Deputaci\u00f3n de Lugo para o primeiro trimestre do ano cun obradoiro infantil de Nadal no Centro de Interpretaci\u00f3n Terras do Mi\u00f1o que se prolongar\u00e1 ata o s\u00e1bado. Os nenos e nenas participantes desenvolven actividades &#8230;<\/p>\n","protected":false},"author":2,"featured_media":11250,"comment_status":"closed","ping_status":"open","sticky":false,"template":"","format":"standard","meta":{"_eb_attr":"","footnotes":""},"categories":[117],"tags":[],"class_list":["post-12770","post","type-post","status-publish","format-standard","has-post-thumbnail","hentry","category-diputacion-lugo"],"_links":{"self":[{"href":"https:\/\/terrasdomino.deputacionlugo.org\/es\/wp-json\/wp\/v2\/posts\/12770","targetHints":{"allow":["GET"]}}],"collection":[{"href":"https:\/\/terrasdomino.deputacionlugo.org\/es\/wp-json\/wp\/v2\/posts"}],"about":[{"href":"https:\/\/terrasdomino.deputacionlugo.org\/es\/wp-json\/wp\/v2\/types\/post"}],"author":[{"embeddable":true,"href":"https:\/\/terrasdomino.deputacionlugo.org\/es\/wp-json\/wp\/v2\/users\/2"}],"replies":[{"embeddable":true,"href":"https:\/\/terrasdomino.deputacionlugo.org\/es\/wp-json\/wp\/v2\/comments?post=12770"}],"version-history":[{"count":1,"href":"https:\/\/terrasdomino.deputacionlugo.org\/es\/wp-json\/wp\/v2\/posts\/12770\/revisions"}],"predecessor-version":[{"id":12771,"href":"https:\/\/terrasdomino.deputacionlugo.org\/es\/wp-json\/wp\/v2\/posts\/12770\/revisions\/12771"}],"wp:featuredmedia":[{"embeddable":true,"href":"https:\/\/terrasdomino.deputacionlugo.org\/es\/wp-json\/wp\/v2\/media\/11250"}],"wp:attachment":[{"href":"https:\/\/terrasdomino.deputacionlugo.org\/es\/wp-json\/wp\/v2\/media?parent=12770"}],"wp:term":[{"taxonomy":"category","embeddable":true,"href":"https:\/\/terrasdomino.deputacionlugo.org\/es\/wp-json\/wp\/v2\/categories?post=12770"},{"taxonomy":"post_tag","embeddable":true,"href":"https:\/\/terrasdomino.deputacionlugo.org\/es\/wp-json\/wp\/v2\/tags?post=12770"}],"curies":[{"name":"wp","href":"https:\/\/api.w.org\/{rel}","templated":true}]}}