{"id":13290,"date":"2024-06-21T12:09:12","date_gmt":"2024-06-21T12:09:12","guid":{"rendered":"https:\/\/terrasdomino.deputacionlugo.org\/o-presidente-entrega-tres-hortos-sementeiros-adaptados-ao-centro-de-educacion-especial-de-santa-maria\/"},"modified":"2024-10-09T10:18:53","modified_gmt":"2024-10-09T10:18:53","slug":"o-presidente-entrega-tres-hortos-sementeiros-adaptados-ao-centro-de-educacion-especial-de-santa-maria","status":"publish","type":"post","link":"https:\/\/terrasdomino.deputacionlugo.org\/es\/o-presidente-entrega-tres-hortos-sementeiros-adaptados-ao-centro-de-educacion-especial-de-santa-maria\/","title":{"rendered":"O Presidente entrega tres hortos sementeiros adaptados ao Centro de Educaci\u00f3n Especial de Santa Mar\u00eda"},"content":{"rendered":"<div class=\"field field--name-field-mg-summary field--type-string-long field--label-hidden field__item\">\n<p>&#8211; Jos\u00e9 Tom\u00e9 Roca estivo hoxe xunto co Deputado de Medio Ambiente no centro, onde subli\u00f1ou que a Deputaci\u00f3n achega este material para favorecer a creaci\u00f3n dunha horta accesible para o alumnado e promover h\u00e1bitos de traballo e coidado do medio natural<\/p>\n<p>&#8211; \u201cOs hortos que hoxe entregamos son ferramentas de aprendizaxe, de integraci\u00f3n e de desenvolvemento persoal\u201d, destacou o mandatario provincial, que engadiu que esta dotaci\u00f3n redundar\u00e1 \u201cno crecemento e na autonom\u00eda\u201d dos escolares<\/p>\n<\/div>\n<div class=\"field field--name-field-mg-paragraph field--type-entity-reference-revisions field--label-hidden field__items\">\n<div class=\"field__item\">\n<div class=\"paragraph paragraph--type--mg-parag-text-html paragraph--view-mode--default\">\n<div class=\"clearfix text-formatted field field--name-field-mg-body field--type-text-long field--label-hidden field__item\">\n<p class=\"text-align-justify\">O Presidente da Deputaci\u00f3n de Lugo, Jos\u00e9 Tom\u00e9 Roca, e o Deputado de Medio Ambiente, Carlos L\u00f3pez, fixeron entrega este venres de tres hortos sementeiros adaptados ao Centro de Educaci\u00f3n Especial de Santa Mar\u00eda. A cesi\u00f3n de uso destes bancais ser\u00e1 por seis anos, prorrogables a dez, e servir\u00e1n para que o centro poida desenvolver un proxecto de horta ecol\u00f3xica.<\/p>\n<p class=\"text-align-justify\">\u201cOs hortos que hoxe entregamos non s\u00f3 son bancais de madeira, sen\u00f3n que son ferramentas de aprendizaxe, de integraci\u00f3n e de desenvolvemento persoal\u201d, destacou o mandatario provincial, quen engadiu que esta dotaci\u00f3n redundar\u00e1 \u201cno crecemento e na autonom\u00eda\u201d dos escolares. \u201cSabemos da importancia que ten para o CEE Santa Mar\u00eda contar con espazos accesibles onde os seus alumnos e alumnas poidan participar neste tipo de actividades, porque este proxecto permitir\u00e1 que o alumnado aprenda sobre agricultura ecol\u00f3xica, pero tam\u00e9n sobre a importancia do coidado do medio natural e do traballo en equipo\u201d.<\/p>\n<p class=\"text-align-justify\">Tom\u00e9 Roca sinalou ademais que este proxecto \u201cforma parte da ampla acci\u00f3n que impulsamos dende a Deputaci\u00f3n de Lugo cos hortos urbanos do Rato, que po\u00f1emos a disposici\u00f3n da cidadan\u00eda de Lugo e dos concellos do arredor de forma gratu\u00edta para o seu desfrute. Unha actividade de lecer, social e mesmo educativa que fomenta o tempo libre saudable, o interese pola agricultura ecol\u00f3xica e a concienciaci\u00f3n no coidado do medio ambiente\u201d.<\/p>\n<p class=\"text-align-justify\">Estes bancais, que est\u00e1n elaborados con madeira de pino tratado e dimensi\u00f3ns de 148 cent\u00edmetros de largo por 68 de ancho, est\u00e1n adaptados para persoas con mobilidade reducida e que a Deputaci\u00f3n achega a centros de educaci\u00f3n especial ou centros de atenci\u00f3n a persoas maiores. Estes instrumentos est\u00e1n fabricados con madeira procedente de bosques sostibles e contan con p\u00e9s desmontables e regulables para adaptar a s\u00faa altura<\/p>\n<\/div>\n<\/div>\n<\/div>\n<\/div>\n","protected":false},"excerpt":{"rendered":"<p>&#8211; Jos\u00e9 Tom\u00e9 Roca estivo hoxe xunto co Deputado de Medio Ambiente no centro, onde subli\u00f1ou que a Deputaci\u00f3n achega este material para favorecer a creaci\u00f3n dunha horta accesible para o alumnado e promover h\u00e1bitos de traballo e coidado do medio natural &#8211; \u201cOs hortos que hoxe entregamos son ferramentas de aprendizaxe, de integraci\u00f3n e &#8230;<\/p>\n","protected":false},"author":4,"featured_media":13228,"comment_status":"closed","ping_status":"open","sticky":false,"template":"","format":"standard","meta":{"_eb_attr":"","footnotes":""},"categories":[117],"tags":[],"class_list":["post-13290","post","type-post","status-publish","format-standard","has-post-thumbnail","hentry","category-diputacion-lugo"],"_links":{"self":[{"href":"https:\/\/terrasdomino.deputacionlugo.org\/es\/wp-json\/wp\/v2\/posts\/13290","targetHints":{"allow":["GET"]}}],"collection":[{"href":"https:\/\/terrasdomino.deputacionlugo.org\/es\/wp-json\/wp\/v2\/posts"}],"about":[{"href":"https:\/\/terrasdomino.deputacionlugo.org\/es\/wp-json\/wp\/v2\/types\/post"}],"author":[{"embeddable":true,"href":"https:\/\/terrasdomino.deputacionlugo.org\/es\/wp-json\/wp\/v2\/users\/4"}],"replies":[{"embeddable":true,"href":"https:\/\/terrasdomino.deputacionlugo.org\/es\/wp-json\/wp\/v2\/comments?post=13290"}],"version-history":[{"count":1,"href":"https:\/\/terrasdomino.deputacionlugo.org\/es\/wp-json\/wp\/v2\/posts\/13290\/revisions"}],"predecessor-version":[{"id":13291,"href":"https:\/\/terrasdomino.deputacionlugo.org\/es\/wp-json\/wp\/v2\/posts\/13290\/revisions\/13291"}],"wp:featuredmedia":[{"embeddable":true,"href":"https:\/\/terrasdomino.deputacionlugo.org\/es\/wp-json\/wp\/v2\/media\/13228"}],"wp:attachment":[{"href":"https:\/\/terrasdomino.deputacionlugo.org\/es\/wp-json\/wp\/v2\/media?parent=13290"}],"wp:term":[{"taxonomy":"category","embeddable":true,"href":"https:\/\/terrasdomino.deputacionlugo.org\/es\/wp-json\/wp\/v2\/categories?post=13290"},{"taxonomy":"post_tag","embeddable":true,"href":"https:\/\/terrasdomino.deputacionlugo.org\/es\/wp-json\/wp\/v2\/tags?post=13290"}],"curies":[{"name":"wp","href":"https:\/\/api.w.org\/{rel}","templated":true}]}}