{"id":13298,"date":"2024-06-01T11:55:30","date_gmt":"2024-06-01T11:55:30","guid":{"rendered":"https:\/\/terrasdomino.deputacionlugo.org\/a-deputacion-de-lugo-conmemorara-o-dia-mundial-do-medio-ambiente-con-obradoiros-para-nenos-unha-exposicion-e-unha-conferencia-sobre-pragas\/"},"modified":"2024-10-09T10:25:41","modified_gmt":"2024-10-09T10:25:41","slug":"a-deputacion-de-lugo-conmemorara-o-dia-mundial-do-medio-ambiente-con-obradoiros-para-nenos-unha-exposicion-e-unha-conferencia-sobre-pragas","status":"publish","type":"post","link":"https:\/\/terrasdomino.deputacionlugo.org\/es\/a-deputacion-de-lugo-conmemorara-o-dia-mundial-do-medio-ambiente-con-obradoiros-para-nenos-unha-exposicion-e-unha-conferencia-sobre-pragas\/","title":{"rendered":"A Deputaci\u00f3n de Lugo conmemorar\u00e1 o D\u00eda Mundial do Medio Ambiente con obradoiros para nenos, unha exposici\u00f3n e unha conferencia sobre pragas"},"content":{"rendered":"<div class=\"field field--name-field-mg-summary field--type-string-long field--label-hidden field__item\">\n<p>Os talleres de educaci\u00f3n ambiental desenvolveranse os d\u00edas 3, 4 e 6 de xu\u00f1o, de 17:00 a 20:00 horas, na praza de San Marcos. Est\u00e1n dirixidos a nenos a partir de 6 anos, e ofrecer\u00e1n actividades gratu\u00edtas sobre a elaboraci\u00f3n de bombas de semente, decoraci\u00f3n de testos, estampado, hoteis de insectos, e mini horta urbana<\/p>\n<p>O d\u00eda 5, no Pazo de San Marcos, ter\u00e1 lugar \u00e1s 12 da ma\u00f1\u00e1 a inauguraci\u00f3n da exposici\u00f3n Dende a Reciclaxe \u00e1 Creatividade Musical, e pola tarde unha conferencia sobre pragas de emerxencia<\/p>\n<p>Ademais, ese mesmo d\u00eda a fachada da Deputaci\u00f3n sumarase a apagada ambiental convocado polo Fondo Galego de Cooperaci\u00f3n e Solidariedade co fin de concienciar sobre o cambio clim\u00e1tico<\/p>\n<\/div>\n<div class=\"field field--name-field-mg-paragraph field--type-entity-reference-revisions field--label-hidden field__items\">\n<div class=\"field__item\">\n<div class=\"paragraph paragraph--type--mg-parag-text-html paragraph--view-mode--default\">\n<div class=\"clearfix text-formatted field field--name-field-mg-body field--type-text-long field--label-hidden field__item\">\n<p class=\"text-align-justify\">A Deputaci\u00f3n de Lugo conmemora a vindeira semana o D\u00eda Mundial do Medio Ambiente, que se celebra o pr\u00f3ximo 5 de xu\u00f1o, cunha serie de actividades educativas e gratu\u00edtas dese\u00f1adas para nenos e adultos. O obxectivo destas actividades \u00e9 promover o lecer saudable, po\u00f1er en valor o medio natural, e concienciar sobre o seu coidado e conservaci\u00f3n.<\/p>\n<p class=\"text-align-justify\">Por unha banda, os talleres de educaci\u00f3n ambiental levaranse a cabo os d\u00edas 3, 4 e 6 de xu\u00f1o, de 17:00 a 20:00 horas, na praza de San Marcos. As actividades est\u00e1n dirixidos a nenos a partir de 6 anos, e son totalmente gratu\u00edtas e de asistencia libre, sen necesidade de inscrici\u00f3n previa. Os participantes poder\u00e1n desfrutar durante estas tardes dunha variedade de obradoiros sobre diferentes tem\u00e1ticas, que son os seguintes :<\/p>\n<p class=\"text-align-justify\"><strong>-Taller de Bombas de Sementes e macetas de barro.<\/strong> Os participantes realizar\u00e1n bombas de sementes con arxila e sementes de plantas aut\u00f3ctonas para fomentar a conciencia ecol\u00f3xica e a biodiversidade, e poder\u00e1n decorar unha bolsa de tea para poder levar as bolas de sementes. Tam\u00e9n se incl\u00fae a decoraci\u00f3n de pequenas macetas de barro para que os m\u00e1is pequenos poidan levar unha planta para a casa.<\/p>\n<p class=\"text-align-justify\"><strong>-Taller de Estampado e de Hotel de Insectos.<\/strong> A xornada permitir\u00e1 realizar o estampado de bolsas de algod\u00f3n mediante a t\u00e9cnica de Hapa Zome con plantas e follas, na que os participantes decorar\u00e1n a s\u00faa propia bolsa co obxectivo de reducir o uso dos pl\u00e1sticos nos fogares. Os participantes poder\u00e1n tam\u00e9n elaborar uns pequenos hoteis de insectos para axudar a estos animais tan necesarios.<\/p>\n<p class=\"text-align-justify\"><strong>-Taller de Mini Horta Urbana<\/strong>. Os participantes construir\u00e1n unha mini horta urbana en madeira que apoder\u00e1n decorar e a continuaci\u00f3n, plantar diferentes especies de plantas hort\u00edcolas, orematar poder\u00e1n levar a mini horta para os seus fogares e deste xeito fomentar ashortas urbanas na cidade.<\/p>\n<p class=\"text-align-justify\">No Centro de Interpretaci\u00f3n Terras do Mi\u00f1o, o d\u00eda 4 de xu\u00f1o, desenvolverase un \u00a0taller para facer m\u00fasica coa reciclaxe.<\/p>\n<p class=\"text-align-justify\"><strong>D\u00eda Mundial do Medio Ambiente<\/strong><\/p>\n<p class=\"text-align-justify\">A Deputaci\u00f3n programa varias actividades para conmemorar o D\u00eda Mundial do Medio Ambiente, o 5 de xu\u00f1o, que este ano se centra na protecci\u00f3n dos ecosistemas terrestres. \u00c1s 12 do mediod\u00eda, a instituci\u00f3n provincial inaugurar\u00e1 nos corredores da planta baixa do Pazo de San Marcos a exposici\u00f3n Dende a Reciclaxe \u00e1 Creatividade Musical; e pola tarde, \u00e1s 18:45 horas os usuarios e usuarias dos hortos urbanos do R\u00edo Rato recibir\u00e1n no Sal\u00f3n de Actos os diplomas acreditativos das actividades formativas nas que particparon; e a continuaci\u00f3n, \u00a0\u00e1s 20:00 horas, ter\u00e1 lugar a conferencia Pragas de Emerxencia, que impartir\u00e1 Manuel Andrade e abordar\u00e1 as ameazas da praga de mosquitos.<\/p>\n<p class=\"text-align-justify\">Ademais, ese mesmo d\u00eda a Deputaci\u00f3n s\u00famase a apagada ambiental que convoca o Fondo Galego de Cooperaci\u00f3n e Solidariedade dentro do programa People &amp; Planet, co obxectivo de concienciar sobre o cambio clim\u00e1tico e o consumo enerx\u00e9tico. Para elo, a fachada do Pazo de San Marcos suspender\u00e1 a s\u00faa iluminaci\u00f3n.<\/p>\n<\/div>\n<\/div>\n<\/div>\n<\/div>\n","protected":false},"excerpt":{"rendered":"<p>Os talleres de educaci\u00f3n ambiental desenvolveranse os d\u00edas 3, 4 e 6 de xu\u00f1o, de 17:00 a 20:00 horas, na praza de San Marcos. Est\u00e1n dirixidos a nenos a partir de 6 anos, e ofrecer\u00e1n actividades gratu\u00edtas sobre a elaboraci\u00f3n de bombas de semente, decoraci\u00f3n de testos, estampado, hoteis de insectos, e mini horta urbana &#8230;<\/p>\n","protected":false},"author":4,"featured_media":13218,"comment_status":"closed","ping_status":"open","sticky":false,"template":"","format":"standard","meta":{"_eb_attr":"","footnotes":""},"categories":[117],"tags":[],"class_list":["post-13298","post","type-post","status-publish","format-standard","has-post-thumbnail","hentry","category-diputacion-lugo"],"_links":{"self":[{"href":"https:\/\/terrasdomino.deputacionlugo.org\/es\/wp-json\/wp\/v2\/posts\/13298","targetHints":{"allow":["GET"]}}],"collection":[{"href":"https:\/\/terrasdomino.deputacionlugo.org\/es\/wp-json\/wp\/v2\/posts"}],"about":[{"href":"https:\/\/terrasdomino.deputacionlugo.org\/es\/wp-json\/wp\/v2\/types\/post"}],"author":[{"embeddable":true,"href":"https:\/\/terrasdomino.deputacionlugo.org\/es\/wp-json\/wp\/v2\/users\/4"}],"replies":[{"embeddable":true,"href":"https:\/\/terrasdomino.deputacionlugo.org\/es\/wp-json\/wp\/v2\/comments?post=13298"}],"version-history":[{"count":1,"href":"https:\/\/terrasdomino.deputacionlugo.org\/es\/wp-json\/wp\/v2\/posts\/13298\/revisions"}],"predecessor-version":[{"id":13299,"href":"https:\/\/terrasdomino.deputacionlugo.org\/es\/wp-json\/wp\/v2\/posts\/13298\/revisions\/13299"}],"wp:featuredmedia":[{"embeddable":true,"href":"https:\/\/terrasdomino.deputacionlugo.org\/es\/wp-json\/wp\/v2\/media\/13218"}],"wp:attachment":[{"href":"https:\/\/terrasdomino.deputacionlugo.org\/es\/wp-json\/wp\/v2\/media?parent=13298"}],"wp:term":[{"taxonomy":"category","embeddable":true,"href":"https:\/\/terrasdomino.deputacionlugo.org\/es\/wp-json\/wp\/v2\/categories?post=13298"},{"taxonomy":"post_tag","embeddable":true,"href":"https:\/\/terrasdomino.deputacionlugo.org\/es\/wp-json\/wp\/v2\/tags?post=13298"}],"curies":[{"name":"wp","href":"https:\/\/api.w.org\/{rel}","templated":true}]}}