{"id":13311,"date":"2024-02-02T11:39:26","date_gmt":"2024-02-02T11:39:26","guid":{"rendered":"https:\/\/terrasdomino.deputacionlugo.org\/o-presidente-entrega-27-hortos-urbanos-da-deputacion-no-rato-a-novos-usuarios-e-usuarias\/"},"modified":"2024-10-09T10:40:49","modified_gmt":"2024-10-09T10:40:49","slug":"o-presidente-entrega-27-hortos-urbanos-da-deputacion-no-rato-a-novos-usuarios-e-usuarias","status":"publish","type":"post","link":"https:\/\/terrasdomino.deputacionlugo.org\/es\/o-presidente-entrega-27-hortos-urbanos-da-deputacion-no-rato-a-novos-usuarios-e-usuarias\/","title":{"rendered":"O Presidente entrega 27 hortos urbanos da Deputaci\u00f3n no Rato a novos usuarios e usuarias"},"content":{"rendered":"<div class=\"field field--name-field-mg-summary field--type-string-long field--label-hidden field__item\">\n<p>Jos\u00e9 Tom\u00e9 Roca estivo hoxe, xunto co Deputado de Medio Ambiente, coas persoas e entidades beneficiarias e subli\u00f1ou que este proxecto \u201cforma parte da acci\u00f3n que impulsamos para fomentar o co\u00f1ecemento e a posta en valor do territorio\u201d<\/p>\n<p>A instituci\u00f3n provincial xa fixo entrega, con estes espazos, da totalidade das parcelas de 30 metros cadrados cada unha que ten neste entorno e que pon a disposici\u00f3n da cidadan\u00eda de maneira gratu\u00edta para fomentar o lecer saudable e a agricultura ecol\u00f3xica<\/p>\n<\/div>\n<div class=\"field field--name-field-mg-paragraph field--type-entity-reference-revisions field--label-hidden field__items\">\n<div class=\"field__item\">\n<div class=\"paragraph paragraph--type--mg-parag-text-html paragraph--view-mode--default\">\n<div class=\"clearfix text-formatted field field--name-field-mg-body field--type-text-long field--label-hidden field__item\">\n<p class=\"text-align-justify\">O Presidente da Deputaci\u00f3n de Lugo, Jos\u00e9 Tom\u00e9 Roca, \u00a0e o Deputado de Medio Ambiente, Carlos L\u00f3pez, fixeron entrega este venres dos 27 de hortos urbanos que a instituci\u00f3n ti\u00f1a dispo\u00f1ibles no Paseo do R\u00edo Rato. Con estas parcelas xa estar\u00e1n ocupados os 150 terreos, de 30 metros cadrados cada un, titularidade da Deputaci\u00f3n nesta contorna.<\/p>\n<p class=\"text-align-justify\">\u201cTr\u00e1tase dun proxecto que forma parte da ampla acci\u00f3n que impulsamos dende a Deputaci\u00f3n para fomentar o co\u00f1ecemento e a posta en valor do territorio, en concreto das Reservas da Biosfera, das que a nosa provincia \u00e9 o m\u00e1ximo expo\u00f1ente en Galicia, como f\u00f3rmula para favorecer o desenvolvemento sostible a trav\u00e9s de iniciativas que aproveiten a riqueza natural coa que temos a sorte de contar, tanto no eido do sector primario, como do tur\u00edstico\u201d, explicou o Presidente.<\/p>\n<p class=\"text-align-justify\">Tom\u00e9 Roca sinalou que \u201ccos hortos urbanos, a Deputaci\u00f3n de Lugo pon a disposici\u00f3n da cidadan\u00eda de Lugo e dos concellos do arredor este espazo p\u00fablico de maneira gratu\u00edta para o seu uso e desfrute cunha actividade de lecer, social e mesmo educativa que fomenta o lecer saudable, o interese pola agricultura ecol\u00f3xica e a concienciaci\u00f3n no coidado do medio ambiente\u201d.<\/p>\n<p class=\"text-align-justify\">Ao p\u00e9 das parcelas, o Presidente fixo entrega esta tarde aos novos usuarios e usuarias unha carpeta serigrafiada con informaci\u00f3n de interese, ferramentas de traballo e plantas para comezar a producir no horto. Tam\u00e9n lles explicou que todos os xoves a instituci\u00f3n provincial pon \u00e1 s\u00faa disposici\u00f3n formaci\u00f3n gratu\u00edta destinada a mellorar os cultivos.<\/p>\n<p class=\"text-align-justify\">Nesta nova fase de asignaci\u00f3n, foron concedidos a trav\u00e9s dun proceso de competencia competitiva no que primaron criterios sociais, como estar en situaci\u00f3n de desemprego, ser representante dun centro educativo ou traballar para un colectivo social.<\/p>\n<\/div>\n<\/div>\n<\/div>\n<\/div>\n","protected":false},"excerpt":{"rendered":"<p>Jos\u00e9 Tom\u00e9 Roca estivo hoxe, xunto co Deputado de Medio Ambiente, coas persoas e entidades beneficiarias e subli\u00f1ou que este proxecto \u201cforma parte da acci\u00f3n que impulsamos para fomentar o co\u00f1ecemento e a posta en valor do territorio\u201d A instituci\u00f3n provincial xa fixo entrega, con estes espazos, da totalidade das parcelas de 30 metros cadrados &#8230;<\/p>\n","protected":false},"author":4,"featured_media":13203,"comment_status":"closed","ping_status":"open","sticky":false,"template":"","format":"standard","meta":{"_eb_attr":"","footnotes":""},"categories":[1],"tags":[],"class_list":["post-13311","post","type-post","status-publish","format-standard","has-post-thumbnail","hentry","category-sin-categorizar"],"_links":{"self":[{"href":"https:\/\/terrasdomino.deputacionlugo.org\/es\/wp-json\/wp\/v2\/posts\/13311","targetHints":{"allow":["GET"]}}],"collection":[{"href":"https:\/\/terrasdomino.deputacionlugo.org\/es\/wp-json\/wp\/v2\/posts"}],"about":[{"href":"https:\/\/terrasdomino.deputacionlugo.org\/es\/wp-json\/wp\/v2\/types\/post"}],"author":[{"embeddable":true,"href":"https:\/\/terrasdomino.deputacionlugo.org\/es\/wp-json\/wp\/v2\/users\/4"}],"replies":[{"embeddable":true,"href":"https:\/\/terrasdomino.deputacionlugo.org\/es\/wp-json\/wp\/v2\/comments?post=13311"}],"version-history":[{"count":1,"href":"https:\/\/terrasdomino.deputacionlugo.org\/es\/wp-json\/wp\/v2\/posts\/13311\/revisions"}],"predecessor-version":[{"id":13312,"href":"https:\/\/terrasdomino.deputacionlugo.org\/es\/wp-json\/wp\/v2\/posts\/13311\/revisions\/13312"}],"wp:featuredmedia":[{"embeddable":true,"href":"https:\/\/terrasdomino.deputacionlugo.org\/es\/wp-json\/wp\/v2\/media\/13203"}],"wp:attachment":[{"href":"https:\/\/terrasdomino.deputacionlugo.org\/es\/wp-json\/wp\/v2\/media?parent=13311"}],"wp:term":[{"taxonomy":"category","embeddable":true,"href":"https:\/\/terrasdomino.deputacionlugo.org\/es\/wp-json\/wp\/v2\/categories?post=13311"},{"taxonomy":"post_tag","embeddable":true,"href":"https:\/\/terrasdomino.deputacionlugo.org\/es\/wp-json\/wp\/v2\/tags?post=13311"}],"curies":[{"name":"wp","href":"https:\/\/api.w.org\/{rel}","templated":true}]}}