{"id":13339,"date":"2024-06-26T11:07:43","date_gmt":"2024-06-26T11:07:43","guid":{"rendered":"https:\/\/terrasdomino.deputacionlugo.org\/a-deputacion-de-lugo-arranca-hoxe-a-cuarta-tempada-do-programa-conece-a-tua-provincia\/"},"modified":"2024-06-26T11:07:43","modified_gmt":"2024-06-26T11:07:43","slug":"a-deputacion-de-lugo-arranca-hoxe-a-cuarta-tempada-do-programa-conece-a-tua-provincia","status":"publish","type":"post","link":"https:\/\/terrasdomino.deputacionlugo.org\/es\/a-deputacion-de-lugo-arranca-hoxe-a-cuarta-tempada-do-programa-conece-a-tua-provincia\/","title":{"rendered":"A Deputaci\u00f3n de Lugo arranca hoxe a cuarta tempada do programa Co\u00f1ece a t\u00faa provincia"},"content":{"rendered":"<p class=\"text-align-justify\">A Deputaci\u00f3n de Lugo arrancou este m\u00e9rcores a cuarta edici\u00f3n do programa de viaxes gratu\u00edtas Co\u00f1ece a t\u00faa provincia, do que se beneficiar\u00e1n preto de 2.000 persoas de 80 asociaci\u00f3ns e colectivos lucenses. Nesta cuarta tempada os usuarios e usuarias viaxar\u00e1n en d\u00faas quendas que permitir\u00e1n co\u00f1ecer a provincia en ver\u00e1n, dende hoxe e ata o 19 de xullo, e en outono, de setembro a outubro.<\/p>\n<p class=\"text-align-justify\">Entre esta semana e o de xullo viaxar\u00e1n m\u00e1is de 250 persoas de 11 colectivos da provincia, que percorrer\u00e1n o patrimonio natural, hist\u00f3rico, gastron\u00f3mico e cultural de 9 concellos lucenses. A primeira entidade beneficiaria, a asociaci\u00f3n de Veci\u00f1os, Comerciantes e Industriais Distrito da Milagrosa, visita no d\u00eda de hoxe o Museo do Ferrocarril, o conxunto \u00a0monumental de San Vicente do Pino, e o Centro do Vi\u00f1o da Ribeira Sacra. A ruta partiu do Mazo de Santa Comba onde o grupo foi recibido polo \u00a0Deputado de Promoci\u00f3n Econ\u00f3mica e Social, Pablo Rivera Cap\u00f3n.<\/p>\n<p class=\"text-align-justify\">O Deputado destacou o \u00e9xito continuado deste programa dende a s\u00faa posta en marcha, subli\u00f1ando o seu obxectivo de promover o co\u00f1ecemento da provincia e ao mesmo tempo apoiar os sectores da hostaler\u00eda, turismo e comercio. \u201cEsta iniciativa reflicte o compromiso da Deputaci\u00f3n en consolidar un modelo de turismo de calidade, sostible e capaz de atraer visitantes ao longo de todo o ano\u201d, apuntou Rivera Cap\u00f3n, quen subli\u00f1ou, ademais, que este programa busca valorizar o patrimonio local e fomentar a creaci\u00f3n e mantemento de emprego, especialmente nas \u00e1reas rurais.<\/p>\n<p class=\"text-align-justify\">Nesta tempada do 2024 o Co\u00f1ece a t\u00faa Provincia, volver\u00e1 a ter como punto de partida unha das dependencias de titularidade provincial como pode ser o Pazo de San Marcos, o Centro de Produci\u00f3n Audiovisual, a Granxa Gayoso Castro, o Centro de Interpretaci\u00f3n Terras do Mi\u00f1o ou o Mazo de Santa Comba.<\/p>\n<p class=\"text-align-justify\">Ademais, incluir\u00e1 como en anos anteriores o transporte para os traslados de ida e volta dende o lugar ou lugares de orixe, men\u00fa de xantar e entradas e visitas \u00f3s diferentes lugares de interese. Con cada grupo ir\u00e1 en todo momento un gu\u00eda acompa\u00f1ante. As visitas ser\u00e1n realizadas por profesionais que contan coa habilitaci\u00f3n de gu\u00eda oficial de turismo de Galicia e polo persoal encargado de atenci\u00f3n \u00f3 p\u00fablico nos diferentes museos, empresas ou obradoiros sinalados nos itinerarios do programa.<\/p>\n","protected":false},"excerpt":{"rendered":"<p>A Deputaci\u00f3n de Lugo arrancou este m\u00e9rcores a cuarta edici\u00f3n do programa de viaxes gratu\u00edtas Co\u00f1ece a t\u00faa provincia, do que se beneficiar\u00e1n preto de 2.000 persoas de 80 asociaci\u00f3ns e colectivos lucenses. Nesta cuarta tempada os usuarios e usuarias viaxar\u00e1n en d\u00faas quendas que permitir\u00e1n co\u00f1ecer a provincia en ver\u00e1n, dende hoxe e ata &#8230;<\/p>\n","protected":false},"author":2,"featured_media":13337,"comment_status":"closed","ping_status":"open","sticky":false,"template":"","format":"standard","meta":{"_eb_attr":"","footnotes":""},"categories":[117],"tags":[],"class_list":["post-13339","post","type-post","status-publish","format-standard","has-post-thumbnail","hentry","category-diputacion-lugo"],"_links":{"self":[{"href":"https:\/\/terrasdomino.deputacionlugo.org\/es\/wp-json\/wp\/v2\/posts\/13339","targetHints":{"allow":["GET"]}}],"collection":[{"href":"https:\/\/terrasdomino.deputacionlugo.org\/es\/wp-json\/wp\/v2\/posts"}],"about":[{"href":"https:\/\/terrasdomino.deputacionlugo.org\/es\/wp-json\/wp\/v2\/types\/post"}],"author":[{"embeddable":true,"href":"https:\/\/terrasdomino.deputacionlugo.org\/es\/wp-json\/wp\/v2\/users\/2"}],"replies":[{"embeddable":true,"href":"https:\/\/terrasdomino.deputacionlugo.org\/es\/wp-json\/wp\/v2\/comments?post=13339"}],"version-history":[{"count":0,"href":"https:\/\/terrasdomino.deputacionlugo.org\/es\/wp-json\/wp\/v2\/posts\/13339\/revisions"}],"wp:featuredmedia":[{"embeddable":true,"href":"https:\/\/terrasdomino.deputacionlugo.org\/es\/wp-json\/wp\/v2\/media\/13337"}],"wp:attachment":[{"href":"https:\/\/terrasdomino.deputacionlugo.org\/es\/wp-json\/wp\/v2\/media?parent=13339"}],"wp:term":[{"taxonomy":"category","embeddable":true,"href":"https:\/\/terrasdomino.deputacionlugo.org\/es\/wp-json\/wp\/v2\/categories?post=13339"},{"taxonomy":"post_tag","embeddable":true,"href":"https:\/\/terrasdomino.deputacionlugo.org\/es\/wp-json\/wp\/v2\/tags?post=13339"}],"curies":[{"name":"wp","href":"https:\/\/api.w.org\/{rel}","templated":true}]}}