{"id":13345,"date":"2024-07-06T11:15:22","date_gmt":"2024-07-06T11:15:22","guid":{"rendered":"https:\/\/terrasdomino.deputacionlugo.org\/preto-de-4-000-persoas-visitaron-avifauna-grazas-a-colaboracion-da-deputacion-de-lugo\/"},"modified":"2024-10-09T11:16:35","modified_gmt":"2024-10-09T11:16:35","slug":"preto-de-4-000-persoas-visitaron-avifauna-grazas-a-colaboracion-da-deputacion-de-lugo","status":"publish","type":"post","link":"https:\/\/terrasdomino.deputacionlugo.org\/es\/preto-de-4-000-persoas-visitaron-avifauna-grazas-a-colaboracion-da-deputacion-de-lugo\/","title":{"rendered":"Preto de 4.000 persoas visitaron Avifauna grazas \u00e1 colaboraci\u00f3n da Deputaci\u00f3n de Lugo"},"content":{"rendered":"<p class=\"text-align-justify\">O Presidente da Deputaci\u00f3n de Lugo, Jos\u00e9 Tom\u00e9 Roca, e o presidente da asociaci\u00f3n centro de interpretaci\u00f3n Avifauna, Antonio Ib\u00e1\u00f1ez Burgo, asinaron un convenio de colaboraci\u00f3n mediante o cal a instituci\u00f3n provincial realiza unha achega econ\u00f3mica de 40.000 euros. A trav\u00e9s desta colaboraci\u00f3n a Deputaci\u00f3n contrib\u00fae ao funcionamento deste zoo ornitol\u00f3xico, situado no concello de Outeiro de Rei, e que alberga cerca de medio millar de aves de 250 especies diferentes.<\/p>\n<p class=\"text-align-justify\">Concretamente, a instituci\u00f3n provincial fai posible a execuci\u00f3n dun programa educativo, que incl\u00fae visitas guiadas gratu\u00edtas por este centro de interpretaci\u00f3n, e no que participaron preto de 4.000 persoas no ano 2023. A principal finalidade desta iniciativa \u00e9 sensibilizar a poboaci\u00f3n sobre a conservaci\u00f3n do medio ambiente, o co\u00f1ecemento das aves, as s\u00faas principais ameazas e as medidas de conservaci\u00f3n existentes.<\/p>\n<p class=\"text-align-justify\">As\u00ed mesmo, este proxecto, que se dirixe a ANPAS, centros escolares da provincia e asociaci\u00f3ns sen \u00e1nimo de lucro relacionadas co \u00e1mbito da cultura, a natureza, a educaci\u00f3n, a discapacidade e a integraci\u00f3n, contrib\u00fae ao co\u00f1ecemento da riqueza da fauna que habita en Galicia e a unha mellor conservaci\u00f3n do patrimonio natural da comunidade.<\/p>\n<p class=\"text-align-center\"><strong>Avifauna<\/strong><\/p>\n<p class=\"text-align-justify\">O Parque Zool\u00f3xico Ornitol\u00f3xico, Avifauna, alberga ao redor de 400 aves de 250 especies diferentes, algunhas das cales at\u00f3panse en perigo de extinci\u00f3n ou en programas de conservaci\u00f3n. Neste espazo real\u00edzanse visitas guiadas, que se adaptan en funci\u00f3n da idade dos participantes e do grupo en cuesti\u00f3n, e a s\u00faa duraci\u00f3n oscila entre 90 e 120 minutos.<\/p>\n<p class=\"text-align-justify\">Dende o ano 2017 o parque Zool\u00f3xico conta cunha sala de exposici\u00f3ns na que se incl\u00fae un percorrido polos diferentes ecosistemas aviarios de Galicia, as diversas eras da terra ligadas a evoluci\u00f3n das aves, e outros temas de interese para o p\u00fablico como tipos de picos, entre outras cuesti\u00f3ns.<\/p>\n","protected":false},"excerpt":{"rendered":"<p>O Presidente da Deputaci\u00f3n de Lugo, Jos\u00e9 Tom\u00e9 Roca, e o presidente da asociaci\u00f3n centro de interpretaci\u00f3n Avifauna, Antonio Ib\u00e1\u00f1ez Burgo, asinaron un convenio de colaboraci\u00f3n mediante o cal a instituci\u00f3n provincial realiza unha achega econ\u00f3mica de 40.000 euros. A trav\u00e9s desta colaboraci\u00f3n a Deputaci\u00f3n contrib\u00fae ao funcionamento deste zoo ornitol\u00f3xico, situado no concello de &#8230;<\/p>\n","protected":false},"author":2,"featured_media":13343,"comment_status":"closed","ping_status":"open","sticky":false,"template":"","format":"standard","meta":{"_eb_attr":"","footnotes":""},"categories":[117],"tags":[],"class_list":["post-13345","post","type-post","status-publish","format-standard","has-post-thumbnail","hentry","category-diputacion-lugo"],"_links":{"self":[{"href":"https:\/\/terrasdomino.deputacionlugo.org\/es\/wp-json\/wp\/v2\/posts\/13345","targetHints":{"allow":["GET"]}}],"collection":[{"href":"https:\/\/terrasdomino.deputacionlugo.org\/es\/wp-json\/wp\/v2\/posts"}],"about":[{"href":"https:\/\/terrasdomino.deputacionlugo.org\/es\/wp-json\/wp\/v2\/types\/post"}],"author":[{"embeddable":true,"href":"https:\/\/terrasdomino.deputacionlugo.org\/es\/wp-json\/wp\/v2\/users\/2"}],"replies":[{"embeddable":true,"href":"https:\/\/terrasdomino.deputacionlugo.org\/es\/wp-json\/wp\/v2\/comments?post=13345"}],"version-history":[{"count":1,"href":"https:\/\/terrasdomino.deputacionlugo.org\/es\/wp-json\/wp\/v2\/posts\/13345\/revisions"}],"predecessor-version":[{"id":13346,"href":"https:\/\/terrasdomino.deputacionlugo.org\/es\/wp-json\/wp\/v2\/posts\/13345\/revisions\/13346"}],"wp:featuredmedia":[{"embeddable":true,"href":"https:\/\/terrasdomino.deputacionlugo.org\/es\/wp-json\/wp\/v2\/media\/13343"}],"wp:attachment":[{"href":"https:\/\/terrasdomino.deputacionlugo.org\/es\/wp-json\/wp\/v2\/media?parent=13345"}],"wp:term":[{"taxonomy":"category","embeddable":true,"href":"https:\/\/terrasdomino.deputacionlugo.org\/es\/wp-json\/wp\/v2\/categories?post=13345"},{"taxonomy":"post_tag","embeddable":true,"href":"https:\/\/terrasdomino.deputacionlugo.org\/es\/wp-json\/wp\/v2\/tags?post=13345"}],"curies":[{"name":"wp","href":"https:\/\/api.w.org\/{rel}","templated":true}]}}