{"id":13352,"date":"2024-07-16T11:17:28","date_gmt":"2024-07-16T11:17:28","guid":{"rendered":"https:\/\/terrasdomino.deputacionlugo.org\/un-total-de-115-vecinos-e-vecinas-da-provincia-participan-na-ultima-semana-do-veran-do-conece-a-tua-provincia\/"},"modified":"2024-07-16T11:17:28","modified_gmt":"2024-07-16T11:17:28","slug":"un-total-de-115-vecinos-e-vecinas-da-provincia-participan-na-ultima-semana-do-veran-do-conece-a-tua-provincia","status":"publish","type":"post","link":"https:\/\/terrasdomino.deputacionlugo.org\/es\/un-total-de-115-vecinos-e-vecinas-da-provincia-participan-na-ultima-semana-do-veran-do-conece-a-tua-provincia\/","title":{"rendered":"Un total de 115 veci\u00f1os e veci\u00f1as da provincia participan na \u00faltima semana do ver\u00e1n do Co\u00f1ece a t\u00faa provincia"},"content":{"rendered":"<p class=\"text-align-justify\">Veci\u00f1as e veci\u00f1os de cinco concellos da provincia participar\u00e1n esta semana no programa Co\u00f1ece a t\u00faa provincia da Deputaci\u00f3n de Lugo. Son en total 115 persoas dos municipios de Cospeito, Ribeira de Piqu\u00edn, L\u00e1ncara, Cervantes e Begonte as que, dende este martes e ata o venres, percorrer\u00e1n o territorio lucense con estas viaxes gratu\u00edtas que impulsa a instituci\u00f3n provincial para colectivos sen \u00e1nimo de lucro co obxectivo de fomentar o turismo de proximidade.<\/p>\n<p class=\"text-align-justify\">O Deputado de Medio Ambiente, Carlos L\u00f3pez, recibiu na ma\u00f1\u00e1 deste martes a membros da Asociaci\u00f3n de Xogos Tradicionais de Muimenta (XOTRAMU) no Centro de Interpretaci\u00f3n de Terras do Mi\u00f1o. Punto de partida do grupo cara \u00e1 Ribeira Sacra onde co\u00f1ecer\u00e1n o Museo do Ferrocarril, o conxunto \u00a0monumental de San Vicente do Pino, e o Centro do Vi\u00f1o da Ribeira Sacra.<\/p>\n<p class=\"text-align-justify\">Ma\u00f1\u00e1 ser\u00e1 a quenda da Asociaci\u00f3n Mulleres Rurais del Chao, de Ribeira de Piqu\u00edn; e da Asociaci\u00f3n de Mulleres Rurais O Noso Lar, de L\u00e1ncara, que viaxar\u00e1n \u00e1 Ribeira Sacra e \u00e1 Mari\u00f1a Lucense. O primeiro grupo visitar\u00e1 Sober, mentres que o segundo achegarase ata os municipios de Barreiros e Ribadeo.<\/p>\n<p class=\"text-align-justify\">Tam\u00e9n ata \u00e1 Mari\u00f1a, concretamente ao concello de Cervo, viaxar\u00e1n este xoves membros da Asociaci\u00f3n Veci\u00f1al San Felipe de Balgos, de Cervantes. Os participantes co\u00f1ecer\u00e1n \u00a0a f\u00e1brica de Sargadelos e o Museo provincial do Mar desta pequena vila mari\u00f1eira.<\/p>\n<p class=\"text-align-justify\">As\u00ed mesmo, e para rematar a semana a Asociaci\u00f3n Vecinal Cultural Deportiva San Vicente de Pena, desprazarase \u00e1 costa lucense onde percorrer\u00e1n Viveiro para co\u00f1ecer o casco antigo e o obradoiro de cer\u00e1mica Regal.<\/p>\n<p class=\"text-align-justify\">Nesta primeira parte da cuarta tempada, dende que comezou en xu\u00f1o ata este mes de xullo, son m\u00e1is de 250 persoas dun total de 11 entidades da provincia as que percorreron Lugo con este programa que a Deputaci\u00f3n puxo en marcha co obxectivo de que a veci\u00f1anza co\u00f1eza mellor toda a riqueza patrimonial das distintas comarcas lucenses e dinamizar desta forma a econom\u00eda local, sobre todo o turismo, a hostaler\u00eda e o comercio. As viaxes volveranse a retomar en setembro, e desenvolveranse ata finais de ano, coa participaci\u00f3n en total de preto de 2.000 persoas de 80 asociaci\u00f3ns da provincia.<\/p>\n<p class=\"text-align-justify\">O programa Co\u00f1ece a t\u00faa provincia incl\u00fae, de balde, o transporte para os traslados de ida e volta dende o lugar ou lugares de orixe, p\u00f3liza de seguros de viaxeiros, men\u00fa de xantar, e entradas e visitas a diferentes lugares de interese da provincia de Lugo. Estas visitas real\u00edzanas profesionais que te\u00f1en a habilitaci\u00f3n de gu\u00eda oficial de turismo de Galicia e persoal de atenci\u00f3n ao p\u00fablico nos diferentes museos, empresas ou obradoiros sinalados nos itinerarios do programa.<\/p>\n","protected":false},"excerpt":{"rendered":"<p>Veci\u00f1as e veci\u00f1os de cinco concellos da provincia participar\u00e1n esta semana no programa Co\u00f1ece a t\u00faa provincia da Deputaci\u00f3n de Lugo. Son en total 115 persoas dos municipios de Cospeito, Ribeira de Piqu\u00edn, L\u00e1ncara, Cervantes e Begonte as que, dende este martes e ata o venres, percorrer\u00e1n o territorio lucense con estas viaxes gratu\u00edtas que &#8230;<\/p>\n","protected":false},"author":2,"featured_media":13350,"comment_status":"closed","ping_status":"open","sticky":false,"template":"","format":"standard","meta":{"_eb_attr":"","footnotes":""},"categories":[114],"tags":[],"class_list":["post-13352","post","type-post","status-publish","format-standard","has-post-thumbnail","hentry","category-c-i-terras-do-mino-es"],"_links":{"self":[{"href":"https:\/\/terrasdomino.deputacionlugo.org\/es\/wp-json\/wp\/v2\/posts\/13352","targetHints":{"allow":["GET"]}}],"collection":[{"href":"https:\/\/terrasdomino.deputacionlugo.org\/es\/wp-json\/wp\/v2\/posts"}],"about":[{"href":"https:\/\/terrasdomino.deputacionlugo.org\/es\/wp-json\/wp\/v2\/types\/post"}],"author":[{"embeddable":true,"href":"https:\/\/terrasdomino.deputacionlugo.org\/es\/wp-json\/wp\/v2\/users\/2"}],"replies":[{"embeddable":true,"href":"https:\/\/terrasdomino.deputacionlugo.org\/es\/wp-json\/wp\/v2\/comments?post=13352"}],"version-history":[{"count":0,"href":"https:\/\/terrasdomino.deputacionlugo.org\/es\/wp-json\/wp\/v2\/posts\/13352\/revisions"}],"wp:featuredmedia":[{"embeddable":true,"href":"https:\/\/terrasdomino.deputacionlugo.org\/es\/wp-json\/wp\/v2\/media\/13350"}],"wp:attachment":[{"href":"https:\/\/terrasdomino.deputacionlugo.org\/es\/wp-json\/wp\/v2\/media?parent=13352"}],"wp:term":[{"taxonomy":"category","embeddable":true,"href":"https:\/\/terrasdomino.deputacionlugo.org\/es\/wp-json\/wp\/v2\/categories?post=13352"},{"taxonomy":"post_tag","embeddable":true,"href":"https:\/\/terrasdomino.deputacionlugo.org\/es\/wp-json\/wp\/v2\/tags?post=13352"}],"curies":[{"name":"wp","href":"https:\/\/api.w.org\/{rel}","templated":true}]}}