{"id":13382,"date":"2024-10-07T11:30:47","date_gmt":"2024-10-07T11:30:47","guid":{"rendered":"https:\/\/terrasdomino.deputacionlugo.org\/os-residentes-dos-centros-de-maiores-da-deputacion-participan-en-actividades-medioambientais-desenadas-para-mellorar-o-seu-benestar\/"},"modified":"2024-10-07T11:30:47","modified_gmt":"2024-10-07T11:30:47","slug":"os-residentes-dos-centros-de-maiores-da-deputacion-participan-en-actividades-medioambientais-desenadas-para-mellorar-o-seu-benestar","status":"publish","type":"post","link":"https:\/\/terrasdomino.deputacionlugo.org\/es\/os-residentes-dos-centros-de-maiores-da-deputacion-participan-en-actividades-medioambientais-desenadas-para-mellorar-o-seu-benestar\/","title":{"rendered":"Os residentes dos centros de maiores da Deputaci\u00f3n participan en actividades medioambientais dese\u00f1adas para mellorar o seu benestar"},"content":{"rendered":"<p class=\"text-align-justify\">Os residentes dos Centros de Atenci\u00f3n a Maiores (CAMs) da Deputaci\u00f3n de Lugo participan en diferentes actividades dese\u00f1adas pola instituci\u00f3n provincial para mellorar o seu benestar f\u00edsico e mental. Un herbario de plantas aut\u00f3ctonas, a creaci\u00f3n dun pequeno horto con fins terap\u00e9uticos, decoraci\u00f3n floral ou un taller de plantas arom\u00e1ticas son algunhas das iniciativas postas en marcha pola Deputaci\u00f3n ata o mes de xu\u00f1o nas 9 residencias da provincia que xestiona.<\/p>\n<p class=\"text-align-justify\">Mellorar a calidade de vida, fomentar a socializaci\u00f3n e promover h\u00e1bitos saudables e sostibles son alg\u00fans dos obxectivos da Deputaci\u00f3n con esta iniciativa na que participan as persoas usuarias dos centros de Castroverde, Meira e Pol (na Reserva da Biosfera Terras do Mi\u00f1o), Navia de Suarna (na Reserva da Biosfera Os Ancares Lucenses), ademais de na Fonsagrada, Pedrafita, Ribadeo, Ribas de Sil e Trabada. O calendario de actividades medioambientais comezou cun herbario de plantas aut\u00f3ctonas e continuar\u00e1 este mes cun taller de decoraci\u00f3n de nadal, que se prolongar\u00e1 ata decembro.<\/p>\n<p class=\"text-align-justify\">Entre o mes de xaneiro e marzo, est\u00e1n previstas d\u00faas actividades: a creaci\u00f3n dun pequeno horto terap\u00e9utico en maceta e hortoterapia. Nos meses de abril a xu\u00f1o haber\u00e1 un taller de decoraci\u00f3n floral e outro de plantas arom\u00e1ticas e aplicaci\u00f3n sensorial.<\/p>\n<p class=\"text-align-justify\">A Deputaci\u00f3n de Lugo coordina as\u00ed aos seus servizos de Medio Ambiente e de Benestar para impulsar unha iniciativa con m\u00faltiples beneficios no benestar f\u00edsico e mental, como a reduci\u00f3n do estr\u00e9s e da ansiedade ou a estimulaci\u00f3n cognitiva. Ademais, estas actividades fomentan a socializaci\u00f3n, porque se realizan en grupo e fan que as persoas que participan formen parte dun proxecto cun prop\u00f3sito e promoven os h\u00e1bitos sostibles en cuesti\u00f3ns como a reciclaxe, o aforro de auga ou a compostaxe, e l\u00e9vanse celebrando con grande \u00e9xito nas d\u00faas Reservas da Biosfera dende hai anos.<\/p>\n","protected":false},"excerpt":{"rendered":"<p>Os residentes dos Centros de Atenci\u00f3n a Maiores (CAMs) da Deputaci\u00f3n de Lugo participan en diferentes actividades dese\u00f1adas pola instituci\u00f3n provincial para mellorar o seu benestar f\u00edsico e mental. Un herbario de plantas aut\u00f3ctonas, a creaci\u00f3n dun pequeno horto con fins terap\u00e9uticos, decoraci\u00f3n floral ou un taller de plantas arom\u00e1ticas son algunhas das iniciativas postas &#8230;<\/p>\n","protected":false},"author":2,"featured_media":13380,"comment_status":"closed","ping_status":"open","sticky":false,"template":"","format":"standard","meta":{"_eb_attr":"","footnotes":""},"categories":[119],"tags":[],"class_list":["post-13382","post","type-post","status-publish","format-standard","has-post-thumbnail","hentry","category-reserva-de-la-biosfera"],"_links":{"self":[{"href":"https:\/\/terrasdomino.deputacionlugo.org\/es\/wp-json\/wp\/v2\/posts\/13382","targetHints":{"allow":["GET"]}}],"collection":[{"href":"https:\/\/terrasdomino.deputacionlugo.org\/es\/wp-json\/wp\/v2\/posts"}],"about":[{"href":"https:\/\/terrasdomino.deputacionlugo.org\/es\/wp-json\/wp\/v2\/types\/post"}],"author":[{"embeddable":true,"href":"https:\/\/terrasdomino.deputacionlugo.org\/es\/wp-json\/wp\/v2\/users\/2"}],"replies":[{"embeddable":true,"href":"https:\/\/terrasdomino.deputacionlugo.org\/es\/wp-json\/wp\/v2\/comments?post=13382"}],"version-history":[{"count":0,"href":"https:\/\/terrasdomino.deputacionlugo.org\/es\/wp-json\/wp\/v2\/posts\/13382\/revisions"}],"wp:featuredmedia":[{"embeddable":true,"href":"https:\/\/terrasdomino.deputacionlugo.org\/es\/wp-json\/wp\/v2\/media\/13380"}],"wp:attachment":[{"href":"https:\/\/terrasdomino.deputacionlugo.org\/es\/wp-json\/wp\/v2\/media?parent=13382"}],"wp:term":[{"taxonomy":"category","embeddable":true,"href":"https:\/\/terrasdomino.deputacionlugo.org\/es\/wp-json\/wp\/v2\/categories?post=13382"},{"taxonomy":"post_tag","embeddable":true,"href":"https:\/\/terrasdomino.deputacionlugo.org\/es\/wp-json\/wp\/v2\/tags?post=13382"}],"curies":[{"name":"wp","href":"https:\/\/api.w.org\/{rel}","templated":true}]}}